{"id":22618,"date":"2024-05-14T09:30:57","date_gmt":"2024-05-14T12:30:57","guid":{"rendered":"https:\/\/radiostudiow.com.br\/site\/?p=22618"},"modified":"2025-01-31T14:59:21","modified_gmt":"2025-01-31T17:59:21","slug":"homem-de-37-anos-e-resgatado-apos-queda-de-altura","status":"publish","type":"post","link":"https:\/\/radiostudiow.com.br\/site\/2024\/05\/14\/homem-de-37-anos-e-resgatado-apos-queda-de-altura\/","title":{"rendered":"Homem de 37 anos \u00e9 resgatado ap\u00f3s queda de altura"},"content":{"rendered":"\n<p>A equipe da Organiza\u00e7\u00e3o de Bombeiros Militares de Porto Uni\u00e3o foi rapidamente acionada nesta segunda-feira, 13, ap\u00f3s o Centro de Opera\u00e7\u00f5es do Corpo de Bombeiros\u00a0 reportar um acidente de trabalho envolvendo uma queda de altura. Ao chegar ao local, a equipe confirmou a gravidade da situa\u00e7\u00e3o.<\/p>\n\n\n\n<figure class=\"wp-block-image size-full\"><img decoding=\"async\" src=\"https:\/\/radiostudiow.com.br\/site\/wp-content\/uploads\/2024\/04\/image-55.png\" alt=\"\" class=\"wp-image-21389\"\/><\/figure>\n\n\n\n<p>O incidente ocorreu em um canteiro de obras, no bairro Cidade Nova onde um homem de 37 anos foi encontrado sentado em uma viga de concreto, consciente e responsivo, por\u00e9m visivelmente debilitado.&nbsp;Ele apresentava fortes dores entre a coluna tor\u00e1cica e lombar, com dificuldades de locomo\u00e7\u00e3o, suspeitando-se de fraturas de v\u00e9rtebras e arcos costais.<\/p>\n\n\n\n<p>De acordo com relatos, a v\u00edtima caiu de uma escada de madeira, com aproximadamente 4 metros de altura, colidindo com partes da estrutura e com o solo.&nbsp;Ap\u00f3s a queda, ele experimentou tonturas, \u00e2nsias e uma intensa sensa\u00e7\u00e3o de sede. Al\u00e9m disso, manifestou dificuldades respirat\u00f3rias, acompanhadas de sudorese.<\/p>\n\n\n\n<figure class=\"wp-block-image size-full\"><img loading=\"lazy\" decoding=\"async\" width=\"598\" height=\"204\" src=\"https:\/\/radiostudiow.com.br\/site\/wp-content\/uploads\/2024\/04\/image-39.png\" alt=\"\" class=\"wp-image-21311\" srcset=\"https:\/\/radiostudiow.com.br\/site\/wp-content\/uploads\/2024\/04\/image-39.png 598w, https:\/\/radiostudiow.com.br\/site\/wp-content\/uploads\/2024\/04\/image-39-300x102.png 300w\" sizes=\"auto, (max-width: 598px) 100vw, 598px\" \/><\/figure>\n\n\n\n<p>Diante da situa\u00e7\u00e3o, os bombeiros imobilizaram o homem com um colar cervical e o colocaram em uma maca r\u00edgida, para garantir sua seguran\u00e7a durante o transporte.&nbsp;Os sinais vitais foram verificados e ele foi encaminhado com urg\u00eancia ao Hospital S\u00e3o Br\u00e1s, onde receber\u00e1 atendimento m\u00e9dico especializado. Fonte: V.Vale<\/p>\n","protected":false},"excerpt":{"rendered":"<p>A equipe da Organiza\u00e7\u00e3o de Bombeiros Militares de Porto Uni\u00e3o foi rapidamente acionada nesta segunda-feira, 13, ap\u00f3s o Centro de Opera\u00e7\u00f5es do Corpo de Bombeiros\u00a0 reportar um acidente de trabalho envolvendo uma queda de altura. Ao chegar ao local, a equipe confirmou a gravidade da situa\u00e7\u00e3o. O incidente ocorreu em um canteiro de obras, no [&hellip;]<\/p>\n","protected":false},"author":2,"featured_media":22624,"comment_status":"open","ping_status":"open","sticky":false,"template":"","format":"standard","meta":{"footnotes":""},"categories":[185],"tags":[172],"class_list":["post-22618","post","type-post","status-publish","format-standard","has-post-thumbnail","hentry","category-regional","tag-featured"],"amp_enabled":true,"_links":{"self":[{"href":"https:\/\/radiostudiow.com.br\/site\/wp-json\/wp\/v2\/posts\/22618","targetHints":{"allow":["GET"]}}],"collection":[{"href":"https:\/\/radiostudiow.com.br\/site\/wp-json\/wp\/v2\/posts"}],"about":[{"href":"https:\/\/radiostudiow.com.br\/site\/wp-json\/wp\/v2\/types\/post"}],"author":[{"embeddable":true,"href":"https:\/\/radiostudiow.com.br\/site\/wp-json\/wp\/v2\/users\/2"}],"replies":[{"embeddable":true,"href":"https:\/\/radiostudiow.com.br\/site\/wp-json\/wp\/v2\/comments?post=22618"}],"version-history":[{"count":3,"href":"https:\/\/radiostudiow.com.br\/site\/wp-json\/wp\/v2\/posts\/22618\/revisions"}],"predecessor-version":[{"id":22625,"href":"https:\/\/radiostudiow.com.br\/site\/wp-json\/wp\/v2\/posts\/22618\/revisions\/22625"}],"wp:featuredmedia":[{"embeddable":true,"href":"https:\/\/radiostudiow.com.br\/site\/wp-json\/wp\/v2\/media\/22624"}],"wp:attachment":[{"href":"https:\/\/radiostudiow.com.br\/site\/wp-json\/wp\/v2\/media?parent=22618"}],"wp:term":[{"taxonomy":"category","embeddable":true,"href":"https:\/\/radiostudiow.com.br\/site\/wp-json\/wp\/v2\/categories?post=22618"},{"taxonomy":"post_tag","embeddable":true,"href":"https:\/\/radiostudiow.com.br\/site\/wp-json\/wp\/v2\/tags?post=22618"}],"curies":[{"name":"wp","href":"https:\/\/api.w.org\/{rel}","templated":true}]}}