{"id":22655,"date":"2024-05-15T09:24:09","date_gmt":"2024-05-15T12:24:09","guid":{"rendered":"https:\/\/radiostudiow.com.br\/site\/?p=22655"},"modified":"2025-01-31T14:59:21","modified_gmt":"2025-01-31T17:59:21","slug":"jovem-morre-apos-ser-sugado-por-colheitadeira-em-imbituva","status":"publish","type":"post","link":"https:\/\/radiostudiow.com.br\/site\/2024\/05\/15\/jovem-morre-apos-ser-sugado-por-colheitadeira-em-imbituva\/","title":{"rendered":"Jovem morre ap\u00f3s ser sugado por colheitadeira em Imbituva"},"content":{"rendered":"\n<p>O jovem, Anderson Luiz Bronguel, de 26 anos, morreu ap\u00f3s ser sugado por uma colheitadeira na Localidade de Faxinal dos Galv\u00f5es, interior de Imbituva na tarde de segunda-feira (13).<\/p>\n\n\n\n<figure class=\"wp-block-image size-full\"><img decoding=\"async\" src=\"https:\/\/radiostudiow.com.br\/site\/wp-content\/uploads\/2024\/04\/SITE-MEDIO.png\" alt=\"\" class=\"wp-image-21854\"\/><\/figure>\n\n\n\n<p>A v\u00edtima estava fazendo a retirara de cip\u00f3 de feij\u00e3o da plataforma da m\u00e1quina quando foi surpreendido com o acionamento do rolo da plataforma, o qual veio a puxar o mesmo e atingi-lo em diversos locais do corpo, vindo morrer imediatamente no local.<\/p>\n\n\n\n<p>O operador da m\u00e1quina, devido ao estado emocional alterado, foi conduzido ao hospital local pela equipe do SAMU para atendimento m\u00e9dico e observa\u00e7\u00e3o. Tamb\u00e9m foi devidamente identificado no boletim de ocorr\u00eancia para posteriormente ser ouvido na Delegacia da Pol\u00edcia Civil.<\/p>\n\n\n\n<figure class=\"wp-block-image size-full\"><img loading=\"lazy\" decoding=\"async\" width=\"897\" height=\"204\" src=\"https:\/\/radiostudiow.com.br\/site\/wp-content\/uploads\/2024\/04\/image-37.png\" alt=\"\" class=\"wp-image-21305\" srcset=\"https:\/\/radiostudiow.com.br\/site\/wp-content\/uploads\/2024\/04\/image-37.png 897w, https:\/\/radiostudiow.com.br\/site\/wp-content\/uploads\/2024\/04\/image-37-300x68.png 300w, https:\/\/radiostudiow.com.br\/site\/wp-content\/uploads\/2024\/04\/image-37-768x175.png 768w\" sizes=\"auto, (max-width: 897px) 100vw, 897px\" \/><\/figure>\n\n\n\n<p>Estiveram no local a viatura do IML e um investigador da Pol\u00edcia Civil. Todos os fatos foram catalogados e colhidos pela Pol\u00edcia Cient\u00edfica Civil e foi encerrada a ocorr\u00eancia.<\/p>\n","protected":false},"excerpt":{"rendered":"<p>O jovem, Anderson Luiz Bronguel, de 26 anos, morreu ap\u00f3s ser sugado por uma colheitadeira na Localidade de Faxinal dos Galv\u00f5es, interior de Imbituva na tarde de segunda-feira (13). A v\u00edtima estava fazendo a retirara de cip\u00f3 de feij\u00e3o da plataforma da m\u00e1quina quando foi surpreendido com o acionamento do rolo da plataforma, o qual [&hellip;]<\/p>\n","protected":false},"author":2,"featured_media":22664,"comment_status":"open","ping_status":"open","sticky":false,"template":"","format":"standard","meta":{"footnotes":""},"categories":[185],"tags":[172],"class_list":["post-22655","post","type-post","status-publish","format-standard","has-post-thumbnail","hentry","category-regional","tag-featured"],"amp_enabled":true,"_links":{"self":[{"href":"https:\/\/radiostudiow.com.br\/site\/wp-json\/wp\/v2\/posts\/22655","targetHints":{"allow":["GET"]}}],"collection":[{"href":"https:\/\/radiostudiow.com.br\/site\/wp-json\/wp\/v2\/posts"}],"about":[{"href":"https:\/\/radiostudiow.com.br\/site\/wp-json\/wp\/v2\/types\/post"}],"author":[{"embeddable":true,"href":"https:\/\/radiostudiow.com.br\/site\/wp-json\/wp\/v2\/users\/2"}],"replies":[{"embeddable":true,"href":"https:\/\/radiostudiow.com.br\/site\/wp-json\/wp\/v2\/comments?post=22655"}],"version-history":[{"count":2,"href":"https:\/\/radiostudiow.com.br\/site\/wp-json\/wp\/v2\/posts\/22655\/revisions"}],"predecessor-version":[{"id":22665,"href":"https:\/\/radiostudiow.com.br\/site\/wp-json\/wp\/v2\/posts\/22655\/revisions\/22665"}],"wp:featuredmedia":[{"embeddable":true,"href":"https:\/\/radiostudiow.com.br\/site\/wp-json\/wp\/v2\/media\/22664"}],"wp:attachment":[{"href":"https:\/\/radiostudiow.com.br\/site\/wp-json\/wp\/v2\/media?parent=22655"}],"wp:term":[{"taxonomy":"category","embeddable":true,"href":"https:\/\/radiostudiow.com.br\/site\/wp-json\/wp\/v2\/categories?post=22655"},{"taxonomy":"post_tag","embeddable":true,"href":"https:\/\/radiostudiow.com.br\/site\/wp-json\/wp\/v2\/tags?post=22655"}],"curies":[{"name":"wp","href":"https:\/\/api.w.org\/{rel}","templated":true}]}}