{"id":22700,"date":"2024-05-15T21:14:42","date_gmt":"2024-05-16T00:14:42","guid":{"rendered":"https:\/\/radiostudiow.com.br\/site\/?p=22700"},"modified":"2025-01-31T14:59:21","modified_gmt":"2025-01-31T17:59:21","slug":"homem-fica-gravemente-ferido-apos-acidente-com-maquina-agricola-proximo-a-rio-claro-do-sul","status":"publish","type":"post","link":"https:\/\/radiostudiow.com.br\/site\/2024\/05\/15\/homem-fica-gravemente-ferido-apos-acidente-com-maquina-agricola-proximo-a-rio-claro-do-sul\/","title":{"rendered":"Homem fica gravemente ferido ap\u00f3s acidente com m\u00e1quina agr\u00edcola pr\u00f3ximo a Rio Claro do Sul"},"content":{"rendered":"\n<p>Um acidente de trabalho em uma propriedade na Col\u00f4nia 6, pr\u00f3ximo ao Distrito de Rio Claro do Sul, divisa entre Mallet e S\u00e3o Mateus do Sul, deixou um homem de 38 anos de idade, gravemente ferido hoje, quarta-feira (15).<\/p>\n\n\n\n<figure class=\"wp-block-image size-full\"><img loading=\"lazy\" decoding=\"async\" width=\"897\" height=\"204\" src=\"https:\/\/radiostudiow.com.br\/site\/wp-content\/uploads\/2024\/04\/image-18.png\" alt=\"\" class=\"wp-image-21207\" srcset=\"https:\/\/radiostudiow.com.br\/site\/wp-content\/uploads\/2024\/04\/image-18.png 897w, https:\/\/radiostudiow.com.br\/site\/wp-content\/uploads\/2024\/04\/image-18-300x68.png 300w, https:\/\/radiostudiow.com.br\/site\/wp-content\/uploads\/2024\/04\/image-18-768x175.png 768w\" sizes=\"auto, (max-width: 897px) 100vw, 897px\" \/><\/figure>\n\n\n\n<p>Segundo informa\u00e7\u00f5es, por volta das 09:30 horas, o trabalhador sofreu o acidente com uma colheitadeira . O homem ficou com as pernas presas na parte frontal da m\u00e1quina.<\/p>\n\n\n\n<p>A ocorr\u00eancia foi atendida pelo Corpo de Bombeiros com apoio do SAMU. O homem foi retirado das ferragens da m\u00e1quina agr\u00edcola, sendo controlada a hemorragia e estabilizado o paciente, o qual foi encaminhado para atendimentos m\u00e9dicos no hospital.<\/p>\n\n\n\n<figure class=\"wp-block-image size-full\"><img loading=\"lazy\" decoding=\"async\" width=\"1024\" height=\"387\" src=\"https:\/\/radiostudiow.com.br\/site\/wp-content\/uploads\/2024\/04\/image-17.png\" alt=\"\" class=\"wp-image-21206\" srcset=\"https:\/\/radiostudiow.com.br\/site\/wp-content\/uploads\/2024\/04\/image-17.png 1024w, https:\/\/radiostudiow.com.br\/site\/wp-content\/uploads\/2024\/04\/image-17-300x113.png 300w, https:\/\/radiostudiow.com.br\/site\/wp-content\/uploads\/2024\/04\/image-17-768x290.png 768w\" sizes=\"auto, (max-width: 1024px) 100vw, 1024px\" \/><\/figure>\n","protected":false},"excerpt":{"rendered":"<p>Um acidente de trabalho em uma propriedade na Col\u00f4nia 6, pr\u00f3ximo ao Distrito de Rio Claro do Sul, divisa entre Mallet e S\u00e3o Mateus do Sul, deixou um homem de 38 anos de idade, gravemente ferido hoje, quarta-feira (15). Segundo informa\u00e7\u00f5es, por volta das 09:30 horas, o trabalhador sofreu o acidente com uma colheitadeira . [&hellip;]<\/p>\n","protected":false},"author":2,"featured_media":22701,"comment_status":"open","ping_status":"open","sticky":false,"template":"","format":"standard","meta":{"footnotes":""},"categories":[185],"tags":[172],"class_list":["post-22700","post","type-post","status-publish","format-standard","has-post-thumbnail","hentry","category-regional","tag-featured"],"amp_enabled":true,"_links":{"self":[{"href":"https:\/\/radiostudiow.com.br\/site\/wp-json\/wp\/v2\/posts\/22700","targetHints":{"allow":["GET"]}}],"collection":[{"href":"https:\/\/radiostudiow.com.br\/site\/wp-json\/wp\/v2\/posts"}],"about":[{"href":"https:\/\/radiostudiow.com.br\/site\/wp-json\/wp\/v2\/types\/post"}],"author":[{"embeddable":true,"href":"https:\/\/radiostudiow.com.br\/site\/wp-json\/wp\/v2\/users\/2"}],"replies":[{"embeddable":true,"href":"https:\/\/radiostudiow.com.br\/site\/wp-json\/wp\/v2\/comments?post=22700"}],"version-history":[{"count":1,"href":"https:\/\/radiostudiow.com.br\/site\/wp-json\/wp\/v2\/posts\/22700\/revisions"}],"predecessor-version":[{"id":22702,"href":"https:\/\/radiostudiow.com.br\/site\/wp-json\/wp\/v2\/posts\/22700\/revisions\/22702"}],"wp:featuredmedia":[{"embeddable":true,"href":"https:\/\/radiostudiow.com.br\/site\/wp-json\/wp\/v2\/media\/22701"}],"wp:attachment":[{"href":"https:\/\/radiostudiow.com.br\/site\/wp-json\/wp\/v2\/media?parent=22700"}],"wp:term":[{"taxonomy":"category","embeddable":true,"href":"https:\/\/radiostudiow.com.br\/site\/wp-json\/wp\/v2\/categories?post=22700"},{"taxonomy":"post_tag","embeddable":true,"href":"https:\/\/radiostudiow.com.br\/site\/wp-json\/wp\/v2\/tags?post=22700"}],"curies":[{"name":"wp","href":"https:\/\/api.w.org\/{rel}","templated":true}]}}