{"id":22708,"date":"2024-05-16T11:08:44","date_gmt":"2024-05-16T14:08:44","guid":{"rendered":"https:\/\/radiostudiow.com.br\/site\/?p=22708"},"modified":"2025-01-31T14:59:21","modified_gmt":"2025-01-31T17:59:21","slug":"idoso-e-encontrado-morto-em-banheiro-de-apartamento-em-porto-uniao","status":"publish","type":"post","link":"https:\/\/radiostudiow.com.br\/site\/2024\/05\/16\/idoso-e-encontrado-morto-em-banheiro-de-apartamento-em-porto-uniao\/","title":{"rendered":"Idoso \u00e9 encontrado morto em banheiro de apartamento em Porto Uni\u00e3o"},"content":{"rendered":"\n<p>A equipe do Corpo de Bombeiros de Porto Uni\u00e3o foi acionado por volta de 17 horas desta ter\u00e7a-feira, 14 de maio, para atender a uma ocorr\u00eancia, na qual um homem de 75 anos estava h\u00e1 mais de uma hora trancado em um banheiro, sem responder aos chamados.<\/p>\n\n\n\n<figure class=\"wp-block-image size-full\"><img loading=\"lazy\" decoding=\"async\" width=\"1024\" height=\"387\" src=\"https:\/\/radiostudiow.com.br\/site\/wp-content\/uploads\/2024\/04\/image-17.png\" alt=\"\" class=\"wp-image-21206\" srcset=\"https:\/\/radiostudiow.com.br\/site\/wp-content\/uploads\/2024\/04\/image-17.png 1024w, https:\/\/radiostudiow.com.br\/site\/wp-content\/uploads\/2024\/04\/image-17-300x113.png 300w, https:\/\/radiostudiow.com.br\/site\/wp-content\/uploads\/2024\/04\/image-17-768x290.png 768w\" sizes=\"auto, (max-width: 1024px) 100vw, 1024px\" \/><\/figure>\n\n\n\n<p><a href=\"https:\/\/www.sympla.com.br\/produtor\/thebigcircus\" target=\"_blank\" rel=\"noreferrer noopener\"><\/a>Utilizando uma chave de fenda, a equipe dos bombeiros conseguiu abrir a porta do banheiro e encontraram o senhor ca\u00eddo, inconsciente.<\/p>\n\n\n\n<p>Conforme informa\u00e7\u00f5es dos socorristas, h\u00e1 ind\u00edcios de que o senhor tenha ca\u00eddo enquanto se sentava no vaso sanit\u00e1rio. N\u00e3o havia hematomas ou escoria\u00e7\u00f5es no corpo do idoso.<\/p>\n\n\n\n<p>A equipe da Pol\u00edcia Militar e a assist\u00eancia social de Porto Uni\u00e3o tamb\u00e9m compareceram para acompanhar a ocorr\u00eancia.<\/p>\n\n\n\n<figure class=\"wp-block-image size-full\"><img loading=\"lazy\" decoding=\"async\" width=\"590\" height=\"204\" src=\"https:\/\/radiostudiow.com.br\/site\/wp-content\/uploads\/2024\/04\/image-27.png\" alt=\"\" class=\"wp-image-21280\" srcset=\"https:\/\/radiostudiow.com.br\/site\/wp-content\/uploads\/2024\/04\/image-27.png 590w, https:\/\/radiostudiow.com.br\/site\/wp-content\/uploads\/2024\/04\/image-27-300x104.png 300w\" sizes=\"auto, (max-width: 590px) 100vw, 590px\" \/><\/figure>\n\n\n\n<p>Fonte: Portal Cidade<\/p>\n","protected":false},"excerpt":{"rendered":"<p>A equipe do Corpo de Bombeiros de Porto Uni\u00e3o foi acionado por volta de 17 horas desta ter\u00e7a-feira, 14 de maio, para atender a uma ocorr\u00eancia, na qual um homem de 75 anos estava h\u00e1 mais de uma hora trancado em um banheiro, sem responder aos chamados. Utilizando uma chave de fenda, a equipe dos [&hellip;]<\/p>\n","protected":false},"author":2,"featured_media":19964,"comment_status":"open","ping_status":"open","sticky":false,"template":"","format":"standard","meta":{"footnotes":""},"categories":[185],"tags":[172],"class_list":["post-22708","post","type-post","status-publish","format-standard","has-post-thumbnail","hentry","category-regional","tag-featured"],"amp_enabled":true,"_links":{"self":[{"href":"https:\/\/radiostudiow.com.br\/site\/wp-json\/wp\/v2\/posts\/22708","targetHints":{"allow":["GET"]}}],"collection":[{"href":"https:\/\/radiostudiow.com.br\/site\/wp-json\/wp\/v2\/posts"}],"about":[{"href":"https:\/\/radiostudiow.com.br\/site\/wp-json\/wp\/v2\/types\/post"}],"author":[{"embeddable":true,"href":"https:\/\/radiostudiow.com.br\/site\/wp-json\/wp\/v2\/users\/2"}],"replies":[{"embeddable":true,"href":"https:\/\/radiostudiow.com.br\/site\/wp-json\/wp\/v2\/comments?post=22708"}],"version-history":[{"count":1,"href":"https:\/\/radiostudiow.com.br\/site\/wp-json\/wp\/v2\/posts\/22708\/revisions"}],"predecessor-version":[{"id":22709,"href":"https:\/\/radiostudiow.com.br\/site\/wp-json\/wp\/v2\/posts\/22708\/revisions\/22709"}],"wp:featuredmedia":[{"embeddable":true,"href":"https:\/\/radiostudiow.com.br\/site\/wp-json\/wp\/v2\/media\/19964"}],"wp:attachment":[{"href":"https:\/\/radiostudiow.com.br\/site\/wp-json\/wp\/v2\/media?parent=22708"}],"wp:term":[{"taxonomy":"category","embeddable":true,"href":"https:\/\/radiostudiow.com.br\/site\/wp-json\/wp\/v2\/categories?post=22708"},{"taxonomy":"post_tag","embeddable":true,"href":"https:\/\/radiostudiow.com.br\/site\/wp-json\/wp\/v2\/tags?post=22708"}],"curies":[{"name":"wp","href":"https:\/\/api.w.org\/{rel}","templated":true}]}}