{"id":22756,"date":"2024-05-20T11:59:37","date_gmt":"2024-05-20T14:59:37","guid":{"rendered":"https:\/\/radiostudiow.com.br\/site\/?p=22756"},"modified":"2025-01-31T14:59:20","modified_gmt":"2025-01-31T17:59:20","slug":"caixa-paga-bolsa-familia-a-beneficiarios-com-nis-de-final-2","status":"publish","type":"post","link":"https:\/\/radiostudiow.com.br\/site\/2024\/05\/20\/caixa-paga-bolsa-familia-a-beneficiarios-com-nis-de-final-2\/","title":{"rendered":"Caixa paga Bolsa Fam\u00edlia a benefici\u00e1rios com NIS de final 2"},"content":{"rendered":"\n<p>A Caixa Econ\u00f4mica Federal paga nesta segunda-feira (20) a parcela de maio do novo Bolsa Fam\u00edlia aos benefici\u00e1rios com N\u00famero de Inscri\u00e7\u00e3o Social (NIS) de final 2.<\/p>\n\n\n\n<p>O valor m\u00ednimo corresponde a R$ 600, mas com o novo adicional o valor m\u00e9dio do benef\u00edcio sobe para R$ 682,32. Segundo o Minist\u00e9rio do Desenvolvimento e Assist\u00eancia Social, neste m\u00eas o programa de transfer\u00eancia de renda do Governo Federal alcan\u00e7ar\u00e1 20,81 milh\u00f5es de fam\u00edlias, com gasto de R$ 14,18 bilh\u00f5es.<\/p>\n\n\n\n<figure class=\"wp-block-image size-large\"><img decoding=\"async\" src=\"https:\/\/radiostudiow.com.br\/site\/wp-content\/uploads\/2024\/04\/PP-thumb-banner-miniatura1920x1080-1024x576.jpg\" alt=\"\" class=\"wp-image-22019\"\/><\/figure>\n\n\n\n<p>Al\u00e9m do benef\u00edcio m\u00ednimo, h\u00e1 o pagamento de tr\u00eas adicionais. O Benef\u00edcio Vari\u00e1vel Familiar Nutriz paga seis parcelas de R$ 50 a m\u00e3es de beb\u00eas de at\u00e9 seis meses de idade, para garantir a alimenta\u00e7\u00e3o da crian\u00e7a. O Bolsa Fam\u00edlia tamb\u00e9m paga um acr\u00e9scimo de R$ 50 a fam\u00edlias com gestantes e filhos de 7 a 18 anos e outro, de R$ 150, a fam\u00edlias com crian\u00e7as de at\u00e9 6 anos.<\/p>\n\n\n\n<p>No modelo tradicional do Bolsa Fam\u00edlia, o pagamento ocorre nos \u00faltimos dez dias \u00fateis de cada m\u00eas. O benefici\u00e1rio poder\u00e1 consultar informa\u00e7\u00f5es sobre as datas de pagamento, o valor do benef\u00edcio e a composi\u00e7\u00e3o das parcelas no aplicativo Caixa Tem, usado para acompanhar as contas poupan\u00e7a digitais do banco.<\/p>\n\n\n\n<p>A partir deste ano, os benefici\u00e1rios do Bolsa Fam\u00edlia n\u00e3o t\u00eam mais o desconto do Seguro Defeso. A mudan\u00e7a foi estabelecida pela\u00a0<a href=\"https:\/\/www.planalto.gov.br\/ccivil_03\/_ato2023-2026\/2023\/lei\/l14601.htm\" target=\"_blank\" rel=\"noreferrer noopener\">Lei 14.601\/2023<\/a>, que resgatou o Programa Bolsa Fam\u00edlia. O Seguro Defeso \u00e9 pago a pessoas que sobrevivem exclusivamente da pesca artesanal e que n\u00e3o podem exercer a atividade durante o per\u00edodo da piracema (reprodu\u00e7\u00e3o dos peixes).<\/p>\n\n\n\n<figure class=\"wp-block-image size-full\"><img decoding=\"async\" src=\"https:\/\/radiostudiow.com.br\/site\/wp-content\/uploads\/2024\/04\/image-45.png\" alt=\"\" class=\"wp-image-21394\"\/><\/figure>\n\n\n\n<h2 class=\"wp-block-heading\">Cadastro<\/h2>\n\n\n\n<p>Desde julho do ano passado, passa a valer a integra\u00e7\u00e3o dos dados do Bolsa Fam\u00edlia com o Cadastro Nacional de Informa\u00e7\u00f5es Sociais (CNIS). Com base no cruzamento de informa\u00e7\u00f5es, cerca de 250 mil&nbsp;fam\u00edlias foram canceladas do programa neste m\u00eas por terem renda acima das regras estabelecidas. O CNIS conta com mais de 80 bilh\u00f5es de registros administrativos referentes a renda, v\u00ednculos de emprego formal e benef\u00edcios previdenci\u00e1rios e assistenciais pagos pelo Instituto Nacional do Seguro Social (INSS).<\/p>\n\n\n\n<p>Em compensa\u00e7\u00e3o, outras 170 mil de fam\u00edlias foram inclu\u00eddas no programa neste m\u00eas. A inclus\u00e3o foi poss\u00edvel por causa da pol\u00edtica de busca ativa, baseada na reestrutura\u00e7\u00e3o do Sistema \u00danico de Assist\u00eancia Social (Suas) e que se concentra nas pessoas mais vulner\u00e1veis que t\u00eam direito ao complemento de renda, mas n\u00e3o recebem o benef\u00edcio.<\/p>\n\n\n\n<h2 class=\"wp-block-heading\">Regra de prote\u00e7\u00e3o<\/h2>\n\n\n\n<p>Cerca de 2,59 milh\u00f5es de fam\u00edlias est\u00e3o na regra de prote\u00e7\u00e3o em maio. Em vigor desde junho do ano passado, essa regra permite que fam\u00edlias cujos membros consigam emprego e melhorem a renda recebam 50% do benef\u00edcio a que teriam direito por at\u00e9 dois anos, desde que cada integrante receba o equivalente a at\u00e9 meio sal\u00e1rio m\u00ednimo. Para essas fam\u00edlias, o benef\u00edcio m\u00e9dio ficou em R$ 370,87.<\/p>\n\n\n\n<figure class=\"wp-block-image size-full\"><img decoding=\"async\" src=\"https:\/\/radiostudiow.com.br\/site\/wp-content\/uploads\/2024\/04\/SITE-MEDIO.png\" alt=\"\" class=\"wp-image-21854\"\/><\/figure>\n\n\n\n<figure class=\"wp-block-image size-large\"><img loading=\"lazy\" decoding=\"async\" width=\"674\" height=\"1024\" src=\"https:\/\/radiostudiow.com.br\/site\/wp-content\/uploads\/2024\/05\/image-4-674x1024.png\" alt=\"\" class=\"wp-image-22757\" srcset=\"https:\/\/radiostudiow.com.br\/site\/wp-content\/uploads\/2024\/05\/image-4-674x1024.png 674w, https:\/\/radiostudiow.com.br\/site\/wp-content\/uploads\/2024\/05\/image-4-197x300.png 197w, https:\/\/radiostudiow.com.br\/site\/wp-content\/uploads\/2024\/05\/image-4.png 754w\" sizes=\"auto, (max-width: 674px) 100vw, 674px\" \/><figcaption class=\"wp-element-caption\">Bras\u00edlia \u2013 Bolsa Fam\u00edlia Maio 2024 \u2013\u00a0<strong>Arte Ag\u00eancia Brasil<\/strong><\/figcaption><\/figure>\n\n\n\n<h2 class=\"wp-block-heading\">Aux\u00edlio G\u00e1s<\/h2>\n\n\n\n<p>Neste m\u00eas n\u00e3o haver\u00e1 o pagamento do Aux\u00edlio G\u00e1s, que beneficia fam\u00edlias inscritas&nbsp;no Cad\u00danico. Como o benef\u00edcio s\u00f3 \u00e9 pago a cada dois meses, o pagamento voltar\u00e1 em junho.<\/p>\n\n\n\n<p>S\u00f3 pode receber o Aux\u00edlio G\u00e1s quem est\u00e1 inclu\u00eddo no Cad\u00danico e tenha pelo menos um membro da fam\u00edlia que receba o Benef\u00edcio de Presta\u00e7\u00e3o Continuada (BPC). A lei que criou o programa definiu que a mulher respons\u00e1vel pela fam\u00edlia ter\u00e1 prefer\u00eancia, assim como mulheres v\u00edtimas de viol\u00eancia dom\u00e9stica.<\/p>\n","protected":false},"excerpt":{"rendered":"<p>A Caixa Econ\u00f4mica Federal paga nesta segunda-feira (20) a parcela de maio do novo Bolsa Fam\u00edlia aos benefici\u00e1rios com N\u00famero de Inscri\u00e7\u00e3o Social (NIS) de final 2. O valor m\u00ednimo corresponde a R$ 600, mas com o novo adicional o valor m\u00e9dio do benef\u00edcio sobe para R$ 682,32. Segundo o Minist\u00e9rio do Desenvolvimento e Assist\u00eancia [&hellip;]<\/p>\n","protected":false},"author":2,"featured_media":22069,"comment_status":"open","ping_status":"open","sticky":false,"template":"","format":"standard","meta":{"footnotes":""},"categories":[7],"tags":[172],"class_list":["post-22756","post","type-post","status-publish","format-standard","has-post-thumbnail","hentry","category-geral","tag-featured"],"amp_enabled":true,"_links":{"self":[{"href":"https:\/\/radiostudiow.com.br\/site\/wp-json\/wp\/v2\/posts\/22756","targetHints":{"allow":["GET"]}}],"collection":[{"href":"https:\/\/radiostudiow.com.br\/site\/wp-json\/wp\/v2\/posts"}],"about":[{"href":"https:\/\/radiostudiow.com.br\/site\/wp-json\/wp\/v2\/types\/post"}],"author":[{"embeddable":true,"href":"https:\/\/radiostudiow.com.br\/site\/wp-json\/wp\/v2\/users\/2"}],"replies":[{"embeddable":true,"href":"https:\/\/radiostudiow.com.br\/site\/wp-json\/wp\/v2\/comments?post=22756"}],"version-history":[{"count":1,"href":"https:\/\/radiostudiow.com.br\/site\/wp-json\/wp\/v2\/posts\/22756\/revisions"}],"predecessor-version":[{"id":22758,"href":"https:\/\/radiostudiow.com.br\/site\/wp-json\/wp\/v2\/posts\/22756\/revisions\/22758"}],"wp:featuredmedia":[{"embeddable":true,"href":"https:\/\/radiostudiow.com.br\/site\/wp-json\/wp\/v2\/media\/22069"}],"wp:attachment":[{"href":"https:\/\/radiostudiow.com.br\/site\/wp-json\/wp\/v2\/media?parent=22756"}],"wp:term":[{"taxonomy":"category","embeddable":true,"href":"https:\/\/radiostudiow.com.br\/site\/wp-json\/wp\/v2\/categories?post=22756"},{"taxonomy":"post_tag","embeddable":true,"href":"https:\/\/radiostudiow.com.br\/site\/wp-json\/wp\/v2\/tags?post=22756"}],"curies":[{"name":"wp","href":"https:\/\/api.w.org\/{rel}","templated":true}]}}