{"id":22773,"date":"2024-05-21T09:58:01","date_gmt":"2024-05-21T12:58:01","guid":{"rendered":"https:\/\/radiostudiow.com.br\/site\/?p=22773"},"modified":"2025-01-31T14:59:20","modified_gmt":"2025-01-31T17:59:20","slug":"acidente-na-br-153-em-reboucas-deixa-cinco-feridos","status":"publish","type":"post","link":"https:\/\/radiostudiow.com.br\/site\/2024\/05\/21\/acidente-na-br-153-em-reboucas-deixa-cinco-feridos\/","title":{"rendered":"Acidente na BR-153 em Rebou\u00e7as deixa cinco feridos"},"content":{"rendered":"\n<p>No in\u00edcio da tarde do s\u00e1bado (18), por volta das 12:00 horas, no KM 344 da BR 153, em Rebou\u00e7as, ocorreu uma colis\u00e3o frontal, envolvendo dois autom\u00f3veis e resultando em cinco v\u00edtimas lesionadas.<\/p>\n\n\n\n<p>Os ve\u00edculos envolvidos foram: um Peugeot\/Passion de Irati e um Corsa de Rio Azul.<\/p>\n\n\n\n<figure class=\"wp-block-image size-full is-resized\"><img loading=\"lazy\" decoding=\"async\" width=\"598\" height=\"204\" src=\"https:\/\/radiostudiow.com.br\/site\/wp-content\/uploads\/2024\/04\/image-12.png\" alt=\"\" class=\"wp-image-21187\" style=\"width:566px;height:auto\" srcset=\"https:\/\/radiostudiow.com.br\/site\/wp-content\/uploads\/2024\/04\/image-12.png 598w, https:\/\/radiostudiow.com.br\/site\/wp-content\/uploads\/2024\/04\/image-12-300x102.png 300w\" sizes=\"auto, (max-width: 598px) 100vw, 598px\" \/><\/figure>\n\n\n\n<p>A condutora do Peugeot, uma mulher de 46 anos, teve ferimentos graves.<\/p>\n\n\n\n<p>O condutor do Corsa, de 53 anos, e os passageiros, tr\u00eas crian\u00e7as, tiveram ferimentos leves.\u00a0Todas encaminhadas pelo Corpo de Bombeiros at\u00e9 unidades hospitalares.<\/p>\n\n\n\n<p>Houve interdi\u00e7\u00e3o para retirada dos autom\u00f3veis, e o fluxo de ve\u00edculos ficou interditado at\u00e9 pr\u00f3ximo das 14:00 horas. <\/p>\n\n\n\n<figure class=\"wp-block-image size-full\"><img loading=\"lazy\" decoding=\"async\" width=\"946\" height=\"450\" src=\"https:\/\/radiostudiow.com.br\/site\/wp-content\/uploads\/2024\/05\/05-1.jpeg\" alt=\"\" class=\"wp-image-22775\" srcset=\"https:\/\/radiostudiow.com.br\/site\/wp-content\/uploads\/2024\/05\/05-1.jpeg 946w, https:\/\/radiostudiow.com.br\/site\/wp-content\/uploads\/2024\/05\/05-1-300x143.jpeg 300w, https:\/\/radiostudiow.com.br\/site\/wp-content\/uploads\/2024\/05\/05-1-768x365.jpeg 768w\" sizes=\"auto, (max-width: 946px) 100vw, 946px\" \/><\/figure>\n","protected":false},"excerpt":{"rendered":"<p>No in\u00edcio da tarde do s\u00e1bado (18), por volta das 12:00 horas, no KM 344 da BR 153, em Rebou\u00e7as, ocorreu uma colis\u00e3o frontal, envolvendo dois autom\u00f3veis e resultando em cinco v\u00edtimas lesionadas. Os ve\u00edculos envolvidos foram: um Peugeot\/Passion de Irati e um Corsa de Rio Azul. A condutora do Peugeot, uma mulher de 46 [&hellip;]<\/p>\n","protected":false},"author":2,"featured_media":22774,"comment_status":"open","ping_status":"open","sticky":false,"template":"","format":"standard","meta":{"footnotes":""},"categories":[185],"tags":[172],"class_list":["post-22773","post","type-post","status-publish","format-standard","has-post-thumbnail","hentry","category-regional","tag-featured"],"amp_enabled":true,"_links":{"self":[{"href":"https:\/\/radiostudiow.com.br\/site\/wp-json\/wp\/v2\/posts\/22773","targetHints":{"allow":["GET"]}}],"collection":[{"href":"https:\/\/radiostudiow.com.br\/site\/wp-json\/wp\/v2\/posts"}],"about":[{"href":"https:\/\/radiostudiow.com.br\/site\/wp-json\/wp\/v2\/types\/post"}],"author":[{"embeddable":true,"href":"https:\/\/radiostudiow.com.br\/site\/wp-json\/wp\/v2\/users\/2"}],"replies":[{"embeddable":true,"href":"https:\/\/radiostudiow.com.br\/site\/wp-json\/wp\/v2\/comments?post=22773"}],"version-history":[{"count":1,"href":"https:\/\/radiostudiow.com.br\/site\/wp-json\/wp\/v2\/posts\/22773\/revisions"}],"predecessor-version":[{"id":22776,"href":"https:\/\/radiostudiow.com.br\/site\/wp-json\/wp\/v2\/posts\/22773\/revisions\/22776"}],"wp:featuredmedia":[{"embeddable":true,"href":"https:\/\/radiostudiow.com.br\/site\/wp-json\/wp\/v2\/media\/22774"}],"wp:attachment":[{"href":"https:\/\/radiostudiow.com.br\/site\/wp-json\/wp\/v2\/media?parent=22773"}],"wp:term":[{"taxonomy":"category","embeddable":true,"href":"https:\/\/radiostudiow.com.br\/site\/wp-json\/wp\/v2\/categories?post=22773"},{"taxonomy":"post_tag","embeddable":true,"href":"https:\/\/radiostudiow.com.br\/site\/wp-json\/wp\/v2\/tags?post=22773"}],"curies":[{"name":"wp","href":"https:\/\/api.w.org\/{rel}","templated":true}]}}