{"id":22784,"date":"2024-05-21T10:10:20","date_gmt":"2024-05-21T13:10:20","guid":{"rendered":"https:\/\/radiostudiow.com.br\/site\/?p=22784"},"modified":"2025-01-31T14:59:20","modified_gmt":"2025-01-31T17:59:20","slug":"homem-e-morto-a-facadas-e-dois-suspeitos-sao-presos-pela-policia-militar-em-porto-uniao","status":"publish","type":"post","link":"https:\/\/radiostudiow.com.br\/site\/2024\/05\/21\/homem-e-morto-a-facadas-e-dois-suspeitos-sao-presos-pela-policia-militar-em-porto-uniao\/","title":{"rendered":"Homem \u00e9 morto a facadas e dois suspeitos s\u00e3o presos pela Pol\u00edcia Militar em Porto Uni\u00e3o"},"content":{"rendered":"\n<p>Um homem identificado como Rodrigo de Paula Ruby, de 38 anos, foi morto com golpes de arma branca na noite de s\u00e1bado (18), na Avenida Santa Rosa, na cidade de Porto Uni\u00e3o SC.<\/p>\n\n\n\n<figure class=\"wp-block-image size-full\"><img decoding=\"async\" src=\"https:\/\/radiostudiow.com.br\/site\/wp-content\/uploads\/2024\/04\/image-54.png\" alt=\"\" class=\"wp-image-21388\"\/><\/figure>\n\n\n\n<p>Segundo informa\u00e7\u00f5es, o homem teria<br>levado uma facada no t\u00f3rax, e chegou a ser socorrido pelo Corpo de Bombeiros e encaminhado ao hospital, mas acabou n\u00e3o resistindo e entrou em \u00f3bito.<\/p>\n\n\n\n<p>Dois homens suspeitos pelo crime foram presos, ap\u00f3s serem abordados pela Pol\u00edcia Militar na \u00c1rea Industrial de Porto Uni\u00e3o. Com eles, os policiais apreenderam um VW\/Gol que foi utilizado na fuga, juntamente com um canivete que foi usado para ferir a v\u00edtima.<\/p>\n\n\n\n<figure class=\"wp-block-image size-full\"><img decoding=\"async\" src=\"https:\/\/radiostudiow.com.br\/site\/wp-content\/uploads\/2024\/04\/image-55.png\" alt=\"\" class=\"wp-image-21389\"\/><\/figure>\n\n\n\n<p>Fonte: Canal 4 TV<\/p>\n","protected":false},"excerpt":{"rendered":"<p>Um homem identificado como Rodrigo de Paula Ruby, de 38 anos, foi morto com golpes de arma branca na noite de s\u00e1bado (18), na Avenida Santa Rosa, na cidade de Porto Uni\u00e3o SC. Segundo informa\u00e7\u00f5es, o homem terialevado uma facada no t\u00f3rax, e chegou a ser socorrido pelo Corpo de Bombeiros e encaminhado ao hospital, [&hellip;]<\/p>\n","protected":false},"author":2,"featured_media":22786,"comment_status":"open","ping_status":"open","sticky":false,"template":"","format":"standard","meta":{"footnotes":""},"categories":[2],"tags":[172],"class_list":["post-22784","post","type-post","status-publish","format-standard","has-post-thumbnail","hentry","category-policial","tag-featured"],"amp_enabled":true,"_links":{"self":[{"href":"https:\/\/radiostudiow.com.br\/site\/wp-json\/wp\/v2\/posts\/22784","targetHints":{"allow":["GET"]}}],"collection":[{"href":"https:\/\/radiostudiow.com.br\/site\/wp-json\/wp\/v2\/posts"}],"about":[{"href":"https:\/\/radiostudiow.com.br\/site\/wp-json\/wp\/v2\/types\/post"}],"author":[{"embeddable":true,"href":"https:\/\/radiostudiow.com.br\/site\/wp-json\/wp\/v2\/users\/2"}],"replies":[{"embeddable":true,"href":"https:\/\/radiostudiow.com.br\/site\/wp-json\/wp\/v2\/comments?post=22784"}],"version-history":[{"count":1,"href":"https:\/\/radiostudiow.com.br\/site\/wp-json\/wp\/v2\/posts\/22784\/revisions"}],"predecessor-version":[{"id":22787,"href":"https:\/\/radiostudiow.com.br\/site\/wp-json\/wp\/v2\/posts\/22784\/revisions\/22787"}],"wp:featuredmedia":[{"embeddable":true,"href":"https:\/\/radiostudiow.com.br\/site\/wp-json\/wp\/v2\/media\/22786"}],"wp:attachment":[{"href":"https:\/\/radiostudiow.com.br\/site\/wp-json\/wp\/v2\/media?parent=22784"}],"wp:term":[{"taxonomy":"category","embeddable":true,"href":"https:\/\/radiostudiow.com.br\/site\/wp-json\/wp\/v2\/categories?post=22784"},{"taxonomy":"post_tag","embeddable":true,"href":"https:\/\/radiostudiow.com.br\/site\/wp-json\/wp\/v2\/tags?post=22784"}],"curies":[{"name":"wp","href":"https:\/\/api.w.org\/{rel}","templated":true}]}}