{"id":22789,"date":"2024-05-21T11:19:20","date_gmt":"2024-05-21T14:19:20","guid":{"rendered":"https:\/\/radiostudiow.com.br\/site\/?p=22789"},"modified":"2025-01-31T14:59:20","modified_gmt":"2025-01-31T17:59:20","slug":"agrinho-abre-inscricoes-para-as-categorias-relatorio-de-pesquisa-e-redacao-parana","status":"publish","type":"post","link":"https:\/\/radiostudiow.com.br\/site\/2024\/05\/21\/agrinho-abre-inscricoes-para-as-categorias-relatorio-de-pesquisa-e-redacao-parana\/","title":{"rendered":"Agrinho abre inscri\u00e7\u00f5es para as categorias Relat\u00f3rio de Pesquisa e Reda\u00e7\u00e3o Paran\u00e1"},"content":{"rendered":"\n<p>Est\u00e3o abertas as inscri\u00e7\u00f5es para as categorias Relat\u00f3rio de Pesquisa \u2013 Col\u00e9gio Agr\u00edcola e Reda\u00e7\u00e3o Paran\u00e1 do Agrinho 2024. Elas s\u00e3o direcionadas a estudantes e professores da rede p\u00fablica de ensino e desenvolvidas pelo Sistema Federa\u00e7\u00e3o da Agricultura do Paran\u00e1 (Faep) e pelo Servi\u00e7o Nacional de Aprendizagem Rural \u2013 Senar-PR), em parceria com o Governo do Estado.<\/p>\n\n\n\n<figure class=\"wp-block-image size-full\"><img loading=\"lazy\" decoding=\"async\" width=\"897\" height=\"204\" src=\"https:\/\/radiostudiow.com.br\/site\/wp-content\/uploads\/2024\/04\/image-51.png\" alt=\"\" class=\"wp-image-21370\" srcset=\"https:\/\/radiostudiow.com.br\/site\/wp-content\/uploads\/2024\/04\/image-51.png 897w, https:\/\/radiostudiow.com.br\/site\/wp-content\/uploads\/2024\/04\/image-51-300x68.png 300w, https:\/\/radiostudiow.com.br\/site\/wp-content\/uploads\/2024\/04\/image-51-768x175.png 768w\" sizes=\"auto, (max-width: 897px) 100vw, 897px\" \/><\/figure>\n\n\n\n<p>O concurso acontece ao longo do ano e a expectativa \u00e9 de que, em 2024, mais de 1 milh\u00e3o de alunos das redes estadual, municipal e privada do Paran\u00e1 participem. Podem concorrer tanto alunos quanto professores da Educa\u00e7\u00e3o Especial, Educa\u00e7\u00e3o Infantil e Ensino Fundamental I e II.<\/p>\n\n\n\n<p>Com inscri\u00e7\u00f5es abertas a partir desta segunda-feira (20), ambas as categorias passar\u00e3o por avalia\u00e7\u00f5es nas etapas escolar, regional e estadual, devendo obedecer os crit\u00e9rios estabelecidos nos respectivos editais acerca do tema escolhido para o concurso em 2024: <em>\u201cAgrinho: do campo \u00e0 cidade, colhendo oportunidades\u201d.<\/em><\/p>\n\n\n\n<p>A escolha do tema favorece o desenvolvimento de a\u00e7\u00f5es, ideias e projetos que viabilizem solu\u00e7\u00f5es sustent\u00e1veis para o agroneg\u00f3cio mediante a uni\u00e3o da criatividade dos estudantes e professores, com seus conhecimentos acad\u00eamicos e recursos tecnol\u00f3gicos.<\/p>\n\n\n\n<p>Ao fim do concurso, tanto alunos quanto professores ser\u00e3o premiados com itens como smartphones, tablets e notebooks.<\/p>\n\n\n\n<p><strong>RELAT\u00d3RIO DE PESQUISA\u00a0<\/strong>\u2013\u00a0Destinado aos estudantes dos 1\u00ba, 2\u00b0 e 3\u00ba ano dos Ensinos M\u00e9dio Profissionalizante, T\u00e9cnico e Agr\u00edcola\/Agropecu\u00e1rio, a categoria Relat\u00f3rio de Pesquisa \u2013 Col\u00e9gio Agr\u00edcola avaliar\u00e1 relat\u00f3rios de pesquisa relativos a pr\u00e1ticas sustent\u00e1veis de produ\u00e7\u00e3o de oler\u00edcolas e melhora de par\u00e2metros agron\u00f4micos, com recomposi\u00e7\u00e3o e melhoria de solos. A concorr\u00eancia se dar\u00e1 a partir da escolha de dois trabalhos por col\u00e9gio agr\u00edcola e assim sucessivamente, por eliminat\u00f3ria, passando pela etapa regional e pela etapa estadual.<\/p>\n\n\n\n<figure class=\"wp-block-image size-full\"><img loading=\"lazy\" decoding=\"async\" width=\"1024\" height=\"387\" src=\"https:\/\/radiostudiow.com.br\/site\/wp-content\/uploads\/2024\/04\/image-17.png\" alt=\"\" class=\"wp-image-21206\" srcset=\"https:\/\/radiostudiow.com.br\/site\/wp-content\/uploads\/2024\/04\/image-17.png 1024w, https:\/\/radiostudiow.com.br\/site\/wp-content\/uploads\/2024\/04\/image-17-300x113.png 300w, https:\/\/radiostudiow.com.br\/site\/wp-content\/uploads\/2024\/04\/image-17-768x290.png 768w\" sizes=\"auto, (max-width: 1024px) 100vw, 1024px\" \/><\/figure>\n\n\n\n<p>O trabalho deve ter at\u00e9 25 p\u00e1ginas, contendo capa, introdu\u00e7\u00e3o, objetivos, descri\u00e7\u00e3o, conclus\u00e3o e anexos, incluindo a c\u00f3pia do checklist e demais comprova\u00e7\u00f5es das a\u00e7\u00f5es realizadas. O template para formata\u00e7\u00e3o do relat\u00f3rio est\u00e1 dispon\u00edvel em&nbsp;<a href=\"https:\/\/www.sistemafaep.org.br\/agrinho\/\" target=\"_blank\" rel=\"noreferrer noopener\">sistemafaep.org.br\/agrinho<\/a>. As equipes devem conter cinco estudantes e um professor orientador. N\u00e3o h\u00e1 limite de relat\u00f3rios por col\u00e9gio agr\u00edcola.<\/p>\n\n\n\n<p>As inscri\u00e7\u00f5es podem ser feitas&nbsp;<strong><a href=\"https:\/\/accounts.google.com\/v3\/signin\/identifier?continue=https%3A%2F%2Fdocs.google.com%2Fforms%2Fd%2Fe%2F1FAIpQLSfovvZ4IquHIeZJOIcmE1KCty5c3i-pvklLRE2Pajc83Mad6w%2Fviewform&amp;followup=https%3A%2F%2Fdocs.google.com%2Fforms%2Fd%2Fe%2F1FAIpQLSfovvZ4IquHIeZJOIcmE1KCty5c3i-pvklLRE2Pajc83Mad6w%2Fviewform&amp;ifkv=AaSxoQy0tWeCccgVpHbzkmJCzR2TK3zAmhimgJU9gNzh2OyNMMe_l2zERMSbPkgkOnwbrlod4Sr2IQ&amp;ltmpl=forms&amp;osid=1&amp;passive=1209600&amp;service=wise&amp;flowName=GlifWebSignIn&amp;flowEntry=ServiceLogin&amp;dsh=S-166782182%3A1716231443482991&amp;ddm=0\" target=\"_blank\" rel=\"noreferrer noopener\">neste link<\/a><\/strong>&nbsp;at\u00e9 o dia 24 de junho. Confira&nbsp;<strong><a href=\"https:\/\/www.sistemafaep.org.br\/wp-content\/uploads\/2024\/04\/12.-Rede-Publica-de-Ensino-Categoria-Relatorio-de-Pesquisa-Colegio-Agricola-.pdf\" target=\"_blank\" rel=\"noreferrer noopener\">AQUI<\/a><\/strong>&nbsp;o edital completo.<\/p>\n\n\n\n<p><strong>REDA\u00c7\u00c3O PARAN\u00c1<\/strong>&nbsp;\u2013 Dividida por grau de escolaridade, a categoria Reda\u00e7\u00e3o Paran\u00e1 abordar\u00e1 diferentes modalidades textuais. Para os estudantes e professores de 6\u00ba e 7\u00ba anos do Ensino Fundamental, as reda\u00e7\u00f5es ser\u00e3o apresentadas no formato de conto. J\u00e1 para os estudantes e professores de 8\u00ba e 9\u00ba anos do Ensino Fundamental, a modalidade ser\u00e1 artigo de opini\u00e3o. Por fim, estudantes e professores do Ensino M\u00e9dio \u2013 1\u00aa, 2\u00aa e 3\u00aa\/4\u00aa s\u00e9ries concorrer\u00e3o sob a modalidade de texto dissertativo-argumentativo.<\/p>\n\n\n\n<p>Podem participar estudantes regularmente matriculados nas institui\u00e7\u00f5es da rede estadual de ensino do Paran\u00e1 que utilizam o recurso educacional digital dispon\u00edvel pelo&nbsp;<strong><a href=\"https:\/\/www.educacao.pr.gov.br\/servicos\/Educacao\/Ensino-Fundamental\/Acessar-a-plataforma-Redacao-Parana-qJ3gA7on\" target=\"_blank\" rel=\"noreferrer noopener\">Programa Reda\u00e7\u00e3o Paran\u00e1<\/a><\/strong>, sendo livre o n\u00famero de estudantes concorrentes por escola. \u00c9 livre tamb\u00e9m o n\u00famero de reda\u00e7\u00f5es enviadas pelos estudantes, desde que possuam conte\u00fados diferentes<\/p>\n\n\n\n<p>Estar\u00e3o inscritos automaticamente todos os professores cujos estudantes participarem do concurso com reda\u00e7\u00f5es inseridas especificamente na aba Concurso Reda\u00e7\u00e3o Paran\u00e1 Nota 10 \u2013 Agrinho 2024, no Recurso Educacional Digital Reda\u00e7\u00e3o Paran\u00e1, e que estejam ministrando a Unidade Curricular Reda\u00e7\u00e3o e Leitura no Ensino Fundamental ou L\u00edngua Portuguesa do Col\u00e9gio da Pol\u00edcia Militar do Paran\u00e1 e nas institui\u00e7\u00f5es de ensino que ofertam o ensino integral na modalidade de 35h, neste ano letivo.<\/p>\n\n\n\n<p>As inscri\u00e7\u00f5es podem ser realizadas at\u00e9 o dia 24 de junho no\u00a0<strong><a href=\"https:\/\/www.sistemafaep.org.br\/agrinho\/\" target=\"_blank\" rel=\"noreferrer noopener\">site da Faep<\/a><\/strong>.\u00a0Confira os editais, regulamentos e premia\u00e7\u00f5es\u00a0<strong><a href=\"https:\/\/concurso.agrinho.com.br\/cliente\/#!\/home\/regulamentos\" target=\"_blank\" rel=\"noreferrer noopener\">AQUI<\/a><\/strong>.<\/p>\n\n\n\n<figure class=\"wp-block-image size-full\"><img loading=\"lazy\" decoding=\"async\" width=\"900\" height=\"408\" src=\"https:\/\/radiostudiow.com.br\/site\/wp-content\/uploads\/2024\/04\/image-21.png\" alt=\"\" class=\"wp-image-21214\" srcset=\"https:\/\/radiostudiow.com.br\/site\/wp-content\/uploads\/2024\/04\/image-21.png 900w, https:\/\/radiostudiow.com.br\/site\/wp-content\/uploads\/2024\/04\/image-21-300x136.png 300w, https:\/\/radiostudiow.com.br\/site\/wp-content\/uploads\/2024\/04\/image-21-768x348.png 768w\" sizes=\"auto, (max-width: 900px) 100vw, 900px\" \/><\/figure>\n\n\n\n<p><strong>SOBRE O PROGRAMA<\/strong>&nbsp;\u2013 O Agrinho \u00e9 o maior programa de responsabilidade social do Sistema Faep, resultado da parceria com o Governo do Estado, bem como com a colabora\u00e7\u00e3o das prefeituras e diversas empresas e institui\u00e7\u00f5es p\u00fablicas e privadas.&nbsp;A 29\u00aa edi\u00e7\u00e3o conta com uma categoria in\u00e9dita: AgroRob\u00f3tica \u2013 Col\u00e9gio Agr\u00edcola. No total, ser\u00e3o 15 categorias, envolvendo alunos das mais variadas faixas et\u00e1rias das redes p\u00fablica e privada de ensino e das Apaes. As outras datas de inscri\u00e7\u00f5es est\u00e3o&nbsp;<a href=\"https:\/\/www.sistemafaep.org.br\/agrinho\/\" target=\"_blank\" rel=\"noreferrer noopener\">AQUI<\/a>.<\/p>\n\n\n\n<p>O programa completa 26 anos de trabalhos no Paran\u00e1. Concebido em 1995, foi a campo em 1996, levando \u00e0s escolas da rede p\u00fablica e privada de ensino uma proposta pedag\u00f3gica baseada em vis\u00e3o complexa, na inter e transdisciplinaridade e na pedagogia da pesquisa. Anualmente, o programa envolve a participa\u00e7\u00e3o de mais de 1 milh\u00e3o de crian\u00e7as e mais de 50 mil professores da educa\u00e7\u00e3o infantil, do ensino fundamental e da educa\u00e7\u00e3o especial, estando presente em todos os munic\u00edpios do Estado.<\/p>\n","protected":false},"excerpt":{"rendered":"<p>Est\u00e3o abertas as inscri\u00e7\u00f5es para as categorias Relat\u00f3rio de Pesquisa \u2013 Col\u00e9gio Agr\u00edcola e Reda\u00e7\u00e3o Paran\u00e1 do Agrinho 2024. Elas s\u00e3o direcionadas a estudantes e professores da rede p\u00fablica de ensino e desenvolvidas pelo Sistema Federa\u00e7\u00e3o da Agricultura do Paran\u00e1 (Faep) e pelo Servi\u00e7o Nacional de Aprendizagem Rural \u2013 Senar-PR), em parceria com o Governo [&hellip;]<\/p>\n","protected":false},"author":2,"featured_media":22790,"comment_status":"open","ping_status":"open","sticky":false,"template":"","format":"standard","meta":{"footnotes":""},"categories":[7],"tags":[172],"class_list":["post-22789","post","type-post","status-publish","format-standard","has-post-thumbnail","hentry","category-geral","tag-featured"],"amp_enabled":true,"_links":{"self":[{"href":"https:\/\/radiostudiow.com.br\/site\/wp-json\/wp\/v2\/posts\/22789","targetHints":{"allow":["GET"]}}],"collection":[{"href":"https:\/\/radiostudiow.com.br\/site\/wp-json\/wp\/v2\/posts"}],"about":[{"href":"https:\/\/radiostudiow.com.br\/site\/wp-json\/wp\/v2\/types\/post"}],"author":[{"embeddable":true,"href":"https:\/\/radiostudiow.com.br\/site\/wp-json\/wp\/v2\/users\/2"}],"replies":[{"embeddable":true,"href":"https:\/\/radiostudiow.com.br\/site\/wp-json\/wp\/v2\/comments?post=22789"}],"version-history":[{"count":1,"href":"https:\/\/radiostudiow.com.br\/site\/wp-json\/wp\/v2\/posts\/22789\/revisions"}],"predecessor-version":[{"id":22791,"href":"https:\/\/radiostudiow.com.br\/site\/wp-json\/wp\/v2\/posts\/22789\/revisions\/22791"}],"wp:featuredmedia":[{"embeddable":true,"href":"https:\/\/radiostudiow.com.br\/site\/wp-json\/wp\/v2\/media\/22790"}],"wp:attachment":[{"href":"https:\/\/radiostudiow.com.br\/site\/wp-json\/wp\/v2\/media?parent=22789"}],"wp:term":[{"taxonomy":"category","embeddable":true,"href":"https:\/\/radiostudiow.com.br\/site\/wp-json\/wp\/v2\/categories?post=22789"},{"taxonomy":"post_tag","embeddable":true,"href":"https:\/\/radiostudiow.com.br\/site\/wp-json\/wp\/v2\/tags?post=22789"}],"curies":[{"name":"wp","href":"https:\/\/api.w.org\/{rel}","templated":true}]}}