{"id":2285,"date":"2021-06-04T10:01:05","date_gmt":"2021-06-04T13:01:05","guid":{"rendered":"https:\/\/radiostudiow.com.br\/site\/?p=2285"},"modified":"2025-01-31T15:12:33","modified_gmt":"2025-01-31T18:12:33","slug":"homem-registra-invasao-em-seu-terreno-agricola-na-area-rural-de-mallet","status":"publish","type":"post","link":"https:\/\/radiostudiow.com.br\/site\/2021\/06\/04\/homem-registra-invasao-em-seu-terreno-agricola-na-area-rural-de-mallet\/","title":{"rendered":"HOMEM REGISTRA INVAS\u00c3O EM SEU TERRENO AGR\u00cdCOLA NA \u00c1REA RURAL DE MALLET"},"content":{"rendered":"\n<p>Um homem compareceu ao Pelot\u00e3o da Pol\u00edcia Militar de Mallet relatando uma invas\u00e3o em seu estabelecimento agr\u00edcola nesta quinta \u2013 feira (02).<\/p>\n\n\n\n<p>De acordo com o solicitante, ele se deslocou at\u00e9 localidade rural de Vera Cruz, BR-153, para verificar o seu terreno e dar inicio ao plantio, por\u00e9m, ao chegar no local constatou que j\u00e1 haviam plantado aveia ou trigo no referido terreno, de aproximadamente 15 (quinze) alqueires.<\/p>\n\n\n\n<p>Diante da situa\u00e7\u00e3o a equipe policial orientou a v\u00edtima quanto aos procedimentos cab\u00edveis.<\/p>\n\n\n\n<figure class=\"wp-block-image size-large\"><img decoding=\"async\" src=\"https:\/\/radiostudiow.com.br\/site\/wp-content\/uploads\/2021\/05\/421-4219753_homem-homem-png.png\" alt=\"\" class=\"wp-image-2170\"\/><\/figure>\n\n\n\n<p><em>Fonte e Foto: Pol\u00edcia Militar | Studio W<\/em><\/p>\n\n\n\n<p><em>Os coment\u00e1rios s\u00e3o de responsabilidade exclusiva de seus autores e n\u00e3o representam a opini\u00e3o desta p\u00e1gina.<\/em><\/p>\n","protected":false},"excerpt":{"rendered":"<p>Um homem compareceu ao Pelot\u00e3o da Pol\u00edcia Militar de Mallet relatando uma invas\u00e3o em seu estabelecimento agr\u00edcola nesta quinta \u2013 feira (02). De acordo com o solicitante, ele se deslocou at\u00e9 localidade rural de Vera Cruz, BR-153, para verificar o seu terreno e dar inicio ao plantio, por\u00e9m, ao chegar no local constatou que j\u00e1 [&hellip;]<\/p>\n","protected":false},"author":2,"featured_media":0,"comment_status":"open","ping_status":"open","sticky":false,"template":"","format":"standard","meta":{"footnotes":""},"categories":[2],"tags":[172],"class_list":["post-2285","post","type-post","status-publish","format-standard","hentry","category-policial","tag-featured"],"amp_enabled":true,"_links":{"self":[{"href":"https:\/\/radiostudiow.com.br\/site\/wp-json\/wp\/v2\/posts\/2285","targetHints":{"allow":["GET"]}}],"collection":[{"href":"https:\/\/radiostudiow.com.br\/site\/wp-json\/wp\/v2\/posts"}],"about":[{"href":"https:\/\/radiostudiow.com.br\/site\/wp-json\/wp\/v2\/types\/post"}],"author":[{"embeddable":true,"href":"https:\/\/radiostudiow.com.br\/site\/wp-json\/wp\/v2\/users\/2"}],"replies":[{"embeddable":true,"href":"https:\/\/radiostudiow.com.br\/site\/wp-json\/wp\/v2\/comments?post=2285"}],"version-history":[{"count":1,"href":"https:\/\/radiostudiow.com.br\/site\/wp-json\/wp\/v2\/posts\/2285\/revisions"}],"predecessor-version":[{"id":2286,"href":"https:\/\/radiostudiow.com.br\/site\/wp-json\/wp\/v2\/posts\/2285\/revisions\/2286"}],"wp:attachment":[{"href":"https:\/\/radiostudiow.com.br\/site\/wp-json\/wp\/v2\/media?parent=2285"}],"wp:term":[{"taxonomy":"category","embeddable":true,"href":"https:\/\/radiostudiow.com.br\/site\/wp-json\/wp\/v2\/categories?post=2285"},{"taxonomy":"post_tag","embeddable":true,"href":"https:\/\/radiostudiow.com.br\/site\/wp-json\/wp\/v2\/tags?post=2285"}],"curies":[{"name":"wp","href":"https:\/\/api.w.org\/{rel}","templated":true}]}}