{"id":22924,"date":"2024-05-25T08:32:47","date_gmt":"2024-05-25T11:32:47","guid":{"rendered":"https:\/\/radiostudiow.com.br\/site\/?p=22924"},"modified":"2025-01-31T14:59:19","modified_gmt":"2025-01-31T17:59:19","slug":"campanha-de-vacinacao-contra-a-poliomielite-comeca-na-segunda-feira-em-todo-o-parana","status":"publish","type":"post","link":"https:\/\/radiostudiow.com.br\/site\/2024\/05\/25\/campanha-de-vacinacao-contra-a-poliomielite-comeca-na-segunda-feira-em-todo-o-parana\/","title":{"rendered":"Campanha de vacina\u00e7\u00e3o contra a poliomielite come\u00e7a na segunda-feira em todo o Paran\u00e1"},"content":{"rendered":"\n<p>A Campanha Nacional de Vacina\u00e7\u00e3o contra a Poliomielite do Minist\u00e9rio da Sa\u00fade acontece entre 27 de maio e 14 de junho, com imuniza\u00e7\u00e3o em todo o Paran\u00e1 \u2013 8 de junho ser\u00e1 o Dia D de mobiliza\u00e7\u00e3o estadual. Pais e respons\u00e1veis devem refor\u00e7ar a prote\u00e7\u00e3o das crian\u00e7as menores de cinco anos contra a doen\u00e7a. As doses estar\u00e3o dispon\u00edveis a partir de segunda-feira (27) nas mais de 1.850 salas de vacina\u00e7\u00e3o em todos os 399 munic\u00edpios.<\/p>\n\n\n\n<figure class=\"wp-block-image size-full\"><img decoding=\"async\" src=\"https:\/\/radiostudiow.com.br\/site\/wp-content\/uploads\/2024\/04\/SITE-MEDIO.png\" alt=\"\" class=\"wp-image-21854\"\/><\/figure>\n\n\n\n<p>Os munic\u00edpios ter\u00e3o autonomia para definir a estrat\u00e9gia mais adequada para a mobiliza\u00e7\u00e3o da imuniza\u00e7\u00e3o, de acordo com a realidade local.<\/p>\n\n\n\n<p>P\u00d3LIO\u00a0\u2013 A poliomielite \u00e9 uma doen\u00e7a grave caracterizada por um quadro de paralisia fl\u00e1cida causada pelo poliov\u00edrus selvagem (PVS) tipo 1, 2 ou 3, que em geral acomete os membros inferiores, de forma assim\u00e9trica e irrevers\u00edvel. A vacina contra a Poliomielite \u00e9 composta por tr\u00eas doses aos 2, 4 e 6 meses de vida, conforme o Calend\u00e1rio Nacional de Vacina\u00e7\u00e3o, al\u00e9m das doses de refor\u00e7o aos 15 meses e 4 anos de idade.<\/p>\n\n\n\n<figure class=\"wp-block-image size-full\"><img decoding=\"async\" src=\"https:\/\/radiostudiow.com.br\/site\/wp-content\/uploads\/2024\/04\/image-45.png\" alt=\"\" class=\"wp-image-21394\"\/><\/figure>\n\n\n\n<p>Reportagem: AEN<\/p>\n","protected":false},"excerpt":{"rendered":"<p>A Campanha Nacional de Vacina\u00e7\u00e3o contra a Poliomielite do Minist\u00e9rio da Sa\u00fade acontece entre 27 de maio e 14 de junho, com imuniza\u00e7\u00e3o em todo o Paran\u00e1 \u2013 8 de junho ser\u00e1 o Dia D de mobiliza\u00e7\u00e3o estadual. Pais e respons\u00e1veis devem refor\u00e7ar a prote\u00e7\u00e3o das crian\u00e7as menores de cinco anos contra a doen\u00e7a. As [&hellip;]<\/p>\n","protected":false},"author":2,"featured_media":22925,"comment_status":"open","ping_status":"open","sticky":false,"template":"","format":"standard","meta":{"footnotes":""},"categories":[182],"tags":[172],"class_list":["post-22924","post","type-post","status-publish","format-standard","has-post-thumbnail","hentry","category-saude","tag-featured"],"amp_enabled":true,"_links":{"self":[{"href":"https:\/\/radiostudiow.com.br\/site\/wp-json\/wp\/v2\/posts\/22924","targetHints":{"allow":["GET"]}}],"collection":[{"href":"https:\/\/radiostudiow.com.br\/site\/wp-json\/wp\/v2\/posts"}],"about":[{"href":"https:\/\/radiostudiow.com.br\/site\/wp-json\/wp\/v2\/types\/post"}],"author":[{"embeddable":true,"href":"https:\/\/radiostudiow.com.br\/site\/wp-json\/wp\/v2\/users\/2"}],"replies":[{"embeddable":true,"href":"https:\/\/radiostudiow.com.br\/site\/wp-json\/wp\/v2\/comments?post=22924"}],"version-history":[{"count":1,"href":"https:\/\/radiostudiow.com.br\/site\/wp-json\/wp\/v2\/posts\/22924\/revisions"}],"predecessor-version":[{"id":22926,"href":"https:\/\/radiostudiow.com.br\/site\/wp-json\/wp\/v2\/posts\/22924\/revisions\/22926"}],"wp:featuredmedia":[{"embeddable":true,"href":"https:\/\/radiostudiow.com.br\/site\/wp-json\/wp\/v2\/media\/22925"}],"wp:attachment":[{"href":"https:\/\/radiostudiow.com.br\/site\/wp-json\/wp\/v2\/media?parent=22924"}],"wp:term":[{"taxonomy":"category","embeddable":true,"href":"https:\/\/radiostudiow.com.br\/site\/wp-json\/wp\/v2\/categories?post=22924"},{"taxonomy":"post_tag","embeddable":true,"href":"https:\/\/radiostudiow.com.br\/site\/wp-json\/wp\/v2\/tags?post=22924"}],"curies":[{"name":"wp","href":"https:\/\/api.w.org\/{rel}","templated":true}]}}