{"id":22955,"date":"2024-05-26T22:29:21","date_gmt":"2024-05-27T01:29:21","guid":{"rendered":"https:\/\/radiostudiow.com.br\/site\/?p=22955"},"modified":"2025-01-31T14:59:19","modified_gmt":"2025-01-31T17:59:19","slug":"comunidade-une-esforcos-para-ajudar-mecanico-malletense-diagnosticado-com-tumor-cerebral","status":"publish","type":"post","link":"https:\/\/radiostudiow.com.br\/site\/2024\/05\/26\/comunidade-une-esforcos-para-ajudar-mecanico-malletense-diagnosticado-com-tumor-cerebral\/","title":{"rendered":"Comunidade une esfor\u00e7os para ajudar mec\u00e2nico malletense diagnosticado\u00a0 com tumor cerebral"},"content":{"rendered":"\n<p>Em meio a uma batalha contra um tumor cerebral grave, Necola Chandocha, um dedicado mec\u00e2nico aut\u00f4nomo de m\u00e1quinas agr\u00edcolas, encontra-se em uma luta n\u00e3o apenas pela sua sa\u00fade, mas tamb\u00e9m pela estabilidade financeira de sua fam\u00edlia.&nbsp;<\/p>\n\n\n\n<p>Aos 37 anos, esse malletense casado e pai de uma linda menina, Necola foi recentemente diagnosticado com um tumor cerebral frontal temporal \u00e0 esquerda, sugestivo de glioma.<\/p>\n\n\n\n<p>Ap\u00f3s enfrentar dores intensas de cabe\u00e7a, dor na nuca e problemas de vis\u00e3o, Necola passou por uma s\u00e9rie de consultas m\u00e9dicas e exames, culminando na descoberta do tumor em 8 de mar\u00e7o deste ano.&nbsp;<\/p>\n\n\n\n<p>Desde ent\u00e3o, sua jornada tem sido marcada por procedimentos cir\u00fargicos delicados, complica\u00e7\u00f5es de sa\u00fade e desafios financeiros.<\/p>\n\n\n\n<p>A primeira cirurgia para a retirada do tumor, realizada em 8 de abril, foi de grande risco e delicadeza. No entanto, o Sistema \u00danico de Sa\u00fade (SUS) n\u00e3o cobriu integralmente os materiais utilizados durante o procedimento, deixando Necola respons\u00e1vel por uma parte dos custos.&nbsp;<\/p>\n\n\n\n<p>Recentemente, em uma reuni\u00e3o com m\u00e9dicos oncol\u00f3gicos, foi decidido que uma segunda cirurgia seria necess\u00e1ria, realizada em 13 de maio, tamb\u00e9m com alto risco. Agora, o tratamento inclui sess\u00f5es de radioterapia e a administra\u00e7\u00e3o do medicamento &#8220;Temodal Oral&#8221;, que n\u00e3o \u00e9 fornecido pelo SUS, levando Necola a buscar aux\u00edlio na justi\u00e7a para obt\u00ea-lo.<\/p>\n\n\n\n<p>No \u00faltimo dia 20 de maio, Necola retornou ao hospital para mais um procedimento, desta vez para um enxerto de tecido retirado de sua perna. Com sua oficina fechada desde o in\u00edcio de mar\u00e7o e sem previs\u00e3o de retorno ao trabalho, Necola enfrenta dificuldades financeiras para cobrir os gastos m\u00e9dicos e manter as necessidades b\u00e1sicas de sua fam\u00edlia.<\/p>\n\n\n\n<p>Diante dessa situa\u00e7\u00e3o desafiadora, Necola Chandocha apela \u00e0 generosidade da comunidade em busca de ajuda. Cada contribui\u00e7\u00e3o, por menor que seja, representa um apoio fundamental para ele e sua fam\u00edlia durante este per\u00edodo dif\u00edcil.<\/p>\n\n\n\n<p>Se voc\u00ea deseja oferecer seu aux\u00edlio, pode faz\u00ea-lo atrav\u00e9s do Pix, com a chave 42 998245588, em nome de Necola Chandocha.<\/p>\n\n\n\n<p><a href=\"https:\/\/www.vakinha.com.br\/vaquinha\/ajuda-para-tratamento-contra-tumor-cerebral?fbclid=IwZXh0bgNhZW0CMTEAAR3Lx-kRok-SDGWLFxbwG5JcEes68WAcT4D0Xw1Fuhx69rAF6AHBwPvxfP0_aem_Ac-BK-hOtykyMGWqOXwiq1d8DaYbBXMLb68eSXrSqZN8_o9WayQF6RIL6DWJSJAODnvi_TPj6geOAGmAQ__lrBFH\" data-type=\"link\" data-id=\"https:\/\/www.vakinha.com.br\/vaquinha\/ajuda-para-tratamento-contra-tumor-cerebral?fbclid=IwZXh0bgNhZW0CMTEAAR3Lx-kRok-SDGWLFxbwG5JcEes68WAcT4D0Xw1Fuhx69rAF6AHBwPvxfP0_aem_Ac-BK-hOtykyMGWqOXwiq1d8DaYbBXMLb68eSXrSqZN8_o9WayQF6RIL6DWJSJAODnvi_TPj6geOAGmAQ__lrBFH\">Ou tamb\u00e9m doar clicando aqui: https:\/\/www.vakinha.com.br\/vaquinha\/ajuda-para-tratamento-contra-tumor-cerebral?fbclid=IwZXh0bgNhZW0CMTEAAR3Lx-kRok-SDGWLFxbwG5JcEes68WAcT4D0Xw1Fuhx69rAF6AHBwPvxfP0_aem_Ac-BK-hOtykyMGWqOXwiq1d8DaYbBXMLb68eSXrSqZN8_o9WayQF6RIL6DWJSJAODnvi_TPj6geOAGmAQ__lrBFH<\/a><\/p>\n\n\n\n<p>Em sua p\u00e1gina\u00a0 no Facebook, Necola Chandocha tr\u00e1s detalhes de todos os gastos j\u00e1 realizados e das dificuldades que vem passando e expressa sua gratid\u00e3o pelo dom da vida e pede as b\u00ean\u00e7\u00e3os de Deus sobre aqueles que estenderem uma m\u00e3o solid\u00e1ria em sua dire\u00e7\u00e3o.<\/p>\n\n\n\n<p><\/p>\n","protected":false},"excerpt":{"rendered":"<p>Em meio a uma batalha contra um tumor cerebral grave, Necola Chandocha, um dedicado mec\u00e2nico aut\u00f4nomo de m\u00e1quinas agr\u00edcolas, encontra-se em uma luta n\u00e3o apenas pela sua sa\u00fade, mas tamb\u00e9m pela estabilidade financeira de sua fam\u00edlia.&nbsp; Aos 37 anos, esse malletense casado e pai de uma linda menina, Necola foi recentemente diagnosticado com um tumor [&hellip;]<\/p>\n","protected":false},"author":2,"featured_media":22956,"comment_status":"open","ping_status":"open","sticky":false,"template":"","format":"standard","meta":{"footnotes":""},"categories":[184],"tags":[172],"class_list":["post-22955","post","type-post","status-publish","format-standard","has-post-thumbnail","hentry","category-local","tag-featured"],"amp_enabled":true,"_links":{"self":[{"href":"https:\/\/radiostudiow.com.br\/site\/wp-json\/wp\/v2\/posts\/22955","targetHints":{"allow":["GET"]}}],"collection":[{"href":"https:\/\/radiostudiow.com.br\/site\/wp-json\/wp\/v2\/posts"}],"about":[{"href":"https:\/\/radiostudiow.com.br\/site\/wp-json\/wp\/v2\/types\/post"}],"author":[{"embeddable":true,"href":"https:\/\/radiostudiow.com.br\/site\/wp-json\/wp\/v2\/users\/2"}],"replies":[{"embeddable":true,"href":"https:\/\/radiostudiow.com.br\/site\/wp-json\/wp\/v2\/comments?post=22955"}],"version-history":[{"count":1,"href":"https:\/\/radiostudiow.com.br\/site\/wp-json\/wp\/v2\/posts\/22955\/revisions"}],"predecessor-version":[{"id":22957,"href":"https:\/\/radiostudiow.com.br\/site\/wp-json\/wp\/v2\/posts\/22955\/revisions\/22957"}],"wp:featuredmedia":[{"embeddable":true,"href":"https:\/\/radiostudiow.com.br\/site\/wp-json\/wp\/v2\/media\/22956"}],"wp:attachment":[{"href":"https:\/\/radiostudiow.com.br\/site\/wp-json\/wp\/v2\/media?parent=22955"}],"wp:term":[{"taxonomy":"category","embeddable":true,"href":"https:\/\/radiostudiow.com.br\/site\/wp-json\/wp\/v2\/categories?post=22955"},{"taxonomy":"post_tag","embeddable":true,"href":"https:\/\/radiostudiow.com.br\/site\/wp-json\/wp\/v2\/tags?post=22955"}],"curies":[{"name":"wp","href":"https:\/\/api.w.org\/{rel}","templated":true}]}}