{"id":22965,"date":"2024-05-27T11:28:41","date_gmt":"2024-05-27T14:28:41","guid":{"rendered":"https:\/\/radiostudiow.com.br\/site\/?p=22965"},"modified":"2025-01-31T14:59:19","modified_gmt":"2025-01-31T17:59:19","slug":"inscricoes-para-o-enem-2024-comecaram-hoje-segunda-feira-27","status":"publish","type":"post","link":"https:\/\/radiostudiow.com.br\/site\/2024\/05\/27\/inscricoes-para-o-enem-2024-comecaram-hoje-segunda-feira-27\/","title":{"rendered":"Inscri\u00e7\u00f5es para o Enem 2024 come\u00e7aram hoje (27) e vai at\u00e9 07 de junho"},"content":{"rendered":"\n<p>Come\u00e7ou hoje, segunda-feira (27) e vai at\u00e9 7 de junho o per\u00edodo de inscri\u00e7\u00f5es para o Exame Nacional do Ensino M\u00e9dio (Enem) 2024. No Rio Grande do Sul, devido \u00e0 calamidade p\u00fablica no estado, haver\u00e1 um calend\u00e1rio estendido, que ainda ser\u00e1 divulgado pelo Instituto Nacional de Estudos e Pesquisas Educacionais An\u00edsio Teixeira (Inep).<\/p>\n\n\n\n<figure class=\"wp-block-image size-full\"><img loading=\"lazy\" decoding=\"async\" width=\"897\" height=\"204\" src=\"https:\/\/radiostudiow.com.br\/site\/wp-content\/uploads\/2024\/04\/image-15.png\" alt=\"\" class=\"wp-image-21199\" srcset=\"https:\/\/radiostudiow.com.br\/site\/wp-content\/uploads\/2024\/04\/image-15.png 897w, https:\/\/radiostudiow.com.br\/site\/wp-content\/uploads\/2024\/04\/image-15-300x68.png 300w, https:\/\/radiostudiow.com.br\/site\/wp-content\/uploads\/2024\/04\/image-15-768x175.png 768w\" sizes=\"auto, (max-width: 897px) 100vw, 897px\" \/><\/figure>\n\n\n\n<p>As provas ser\u00e3o aplicadas nos dias 3 e 10 de novembro. Para se inscrever, os estudantes devem\u00a0acessar a\u00a0<a href=\"https:\/\/enem.inep.gov.br\/participante\/#!\/\" target=\"_blank\" rel=\"noreferrer noopener\"><strong>P\u00e1gina do Participante<\/strong><\/a>\u00a0e utilizar o cadastro na\u00a0<a href=\"https:\/\/sso.acesso.gov.br\/login?client_id=portal-logado.estaleiro.serpro.gov.br&amp;authorization_id=18fb995dae7\" target=\"_blank\" rel=\"noreferrer noopener\"><strong>conta gov.br<\/strong><\/a>.<\/p>\n\n\n\n<p>Os resultados dos recursos sobre a isen\u00e7\u00e3o da taxa de inscri\u00e7\u00e3o foram divulgados na \u00faltima sexta-feira (24), assim como dos recursos que tratam das justificativas de aus\u00eancia no Enem 2023, para candidatos que estavam isentos da taxa e faltaram \u00e0s provas.<\/p>\n\n\n\n<p>A taxa de inscri\u00e7\u00e3o custa R$ 85&nbsp;e poder\u00e1 ser paga at\u00e9 o dia 12 de junho. Os moradores do Rio Grande do Sul tamb\u00e9m ter\u00e3o isen\u00e7\u00e3o desse valor.<\/p>\n\n\n\n<p>Criado em 1998, o Enem avalia o desempenho escolar dos estudantes ao t\u00e9rmino da educa\u00e7\u00e3o b\u00e1sica e tamb\u00e9m \u00e9 a principal porta de entrada para a educa\u00e7\u00e3o superior no pa\u00eds.<\/p>\n\n\n\n<figure class=\"wp-block-image size-full\"><img loading=\"lazy\" decoding=\"async\" width=\"598\" height=\"204\" src=\"https:\/\/radiostudiow.com.br\/site\/wp-content\/uploads\/2024\/04\/image-39.png\" alt=\"\" class=\"wp-image-21311\" srcset=\"https:\/\/radiostudiow.com.br\/site\/wp-content\/uploads\/2024\/04\/image-39.png 598w, https:\/\/radiostudiow.com.br\/site\/wp-content\/uploads\/2024\/04\/image-39-300x102.png 300w\" sizes=\"auto, (max-width: 598px) 100vw, 598px\" \/><\/figure>\n\n\n\n<p>Os resultados da avalia\u00e7\u00e3o podem ser usados para acesso ao Sistema de Sele\u00e7\u00e3o Unificada (Sisu) e ao Programa Universidade para Todos (ProUni). Tamb\u00e9m s\u00e3o aceitos em institui\u00e7\u00f5es privadas e de outros pa\u00edses de l\u00edngua portuguesa que tenham acordo com o Brasil.<\/p>\n\n\n\n<p>Os estudantes que n\u00e3o conclu\u00edram o ensino m\u00e9dio tamb\u00e9m podem participar na condi\u00e7\u00e3o de treineiros, para autoavalia\u00e7\u00e3o nos anos anteriores ao t\u00e9rmino da educa\u00e7\u00e3o b\u00e1sica.<\/p>\n","protected":false},"excerpt":{"rendered":"<p>Come\u00e7ou hoje, segunda-feira (27) e vai at\u00e9 7 de junho o per\u00edodo de inscri\u00e7\u00f5es para o Exame Nacional do Ensino M\u00e9dio (Enem) 2024. No Rio Grande do Sul, devido \u00e0 calamidade p\u00fablica no estado, haver\u00e1 um calend\u00e1rio estendido, que ainda ser\u00e1 divulgado pelo Instituto Nacional de Estudos e Pesquisas Educacionais An\u00edsio Teixeira (Inep). As provas [&hellip;]<\/p>\n","protected":false},"author":2,"featured_media":22978,"comment_status":"open","ping_status":"open","sticky":false,"template":"","format":"standard","meta":{"footnotes":""},"categories":[7],"tags":[172],"class_list":["post-22965","post","type-post","status-publish","format-standard","has-post-thumbnail","hentry","category-geral","tag-featured"],"amp_enabled":true,"_links":{"self":[{"href":"https:\/\/radiostudiow.com.br\/site\/wp-json\/wp\/v2\/posts\/22965","targetHints":{"allow":["GET"]}}],"collection":[{"href":"https:\/\/radiostudiow.com.br\/site\/wp-json\/wp\/v2\/posts"}],"about":[{"href":"https:\/\/radiostudiow.com.br\/site\/wp-json\/wp\/v2\/types\/post"}],"author":[{"embeddable":true,"href":"https:\/\/radiostudiow.com.br\/site\/wp-json\/wp\/v2\/users\/2"}],"replies":[{"embeddable":true,"href":"https:\/\/radiostudiow.com.br\/site\/wp-json\/wp\/v2\/comments?post=22965"}],"version-history":[{"count":3,"href":"https:\/\/radiostudiow.com.br\/site\/wp-json\/wp\/v2\/posts\/22965\/revisions"}],"predecessor-version":[{"id":22981,"href":"https:\/\/radiostudiow.com.br\/site\/wp-json\/wp\/v2\/posts\/22965\/revisions\/22981"}],"wp:featuredmedia":[{"embeddable":true,"href":"https:\/\/radiostudiow.com.br\/site\/wp-json\/wp\/v2\/media\/22978"}],"wp:attachment":[{"href":"https:\/\/radiostudiow.com.br\/site\/wp-json\/wp\/v2\/media?parent=22965"}],"wp:term":[{"taxonomy":"category","embeddable":true,"href":"https:\/\/radiostudiow.com.br\/site\/wp-json\/wp\/v2\/categories?post=22965"},{"taxonomy":"post_tag","embeddable":true,"href":"https:\/\/radiostudiow.com.br\/site\/wp-json\/wp\/v2\/tags?post=22965"}],"curies":[{"name":"wp","href":"https:\/\/api.w.org\/{rel}","templated":true}]}}