{"id":2301,"date":"2021-06-04T17:32:26","date_gmt":"2021-06-04T20:32:26","guid":{"rendered":"https:\/\/radiostudiow.com.br\/site\/?p=2301"},"modified":"2025-01-15T11:46:35","modified_gmt":"2025-01-15T14:46:35","slug":"pm-de-mallet-orientada-proprietario-de-bar-apos-denuncia-anonima-por-aglomeracao-no-local","status":"publish","type":"post","link":"https:\/\/radiostudiow.com.br\/site\/2021\/06\/04\/pm-de-mallet-orientada-proprietario-de-bar-apos-denuncia-anonima-por-aglomeracao-no-local\/","title":{"rendered":"PM DE MALLET ORIENTA PROPRIET\u00c1RIO DE BAR AP\u00d3S DEN\u00daNCIA AN\u00d4NIMA POR AGLOMERA\u00c7\u00c3O DE PESSOAS"},"content":{"rendered":"\n<p>A equipe da Policia Militar de Mallet foi acionada \u00e0s 15:38 horas,&nbsp; via sistema unificado, nesta quinta \u2013 feira (03) para comparecer num bar na BR-153, bairro Eldorado, segundo a den\u00fancia an\u00f4nima o referido estabelecimento estava desrespeitando o decreto municipal.<\/p>\n\n\n\n<p>Diante dos fatos os policiais se deslocaram at\u00e9 o local e conversaram com o propriet\u00e1rio, o qual foi orientado sobre o decreto municipal.<\/p>\n\n\n\n<p>De imediato o propriet\u00e1rio seguiu todas as orienta\u00e7\u00f5es da equipe policial e tr\u00eas frequentadores foram embora.&nbsp; O estabelecimento ficou com o n\u00famero de pessoas estabelecido no decreto municipal.<\/p>\n\n\n\n<figure class=\"wp-block-image size-large\"><img decoding=\"async\" src=\"https:\/\/radiostudiow.com.br\/site\/wp-content\/uploads\/2021\/05\/SICREDI.jpg\" alt=\"\" class=\"wp-image-2223\"\/><\/figure>\n\n\n\n<p><em>Fonte e Foto: Pol\u00edcia Militar | Studio W<\/em><\/p>\n\n\n\n<p><em>Os coment\u00e1rios s\u00e3o de responsabilidade exclusiva de seus autores e n\u00e3o representam a opini\u00e3o desta p\u00e1gina.<\/em><\/p>\n","protected":false},"excerpt":{"rendered":"<p>A equipe da Policia Militar de Mallet foi acionada \u00e0s 15:38 horas,&nbsp; via sistema unificado, nesta quinta \u2013 feira (03) para comparecer num bar na BR-153, bairro Eldorado, segundo a den\u00fancia an\u00f4nima o referido estabelecimento estava desrespeitando o decreto municipal. Diante dos fatos os policiais se deslocaram at\u00e9 o local e conversaram com o propriet\u00e1rio, [&hellip;]<\/p>\n","protected":false},"author":2,"featured_media":0,"comment_status":"open","ping_status":"open","sticky":false,"template":"","format":"standard","meta":{"footnotes":""},"categories":[2],"tags":[172],"class_list":["post-2301","post","type-post","status-publish","format-standard","hentry","category-policial","tag-featured"],"amp_enabled":true,"_links":{"self":[{"href":"https:\/\/radiostudiow.com.br\/site\/wp-json\/wp\/v2\/posts\/2301","targetHints":{"allow":["GET"]}}],"collection":[{"href":"https:\/\/radiostudiow.com.br\/site\/wp-json\/wp\/v2\/posts"}],"about":[{"href":"https:\/\/radiostudiow.com.br\/site\/wp-json\/wp\/v2\/types\/post"}],"author":[{"embeddable":true,"href":"https:\/\/radiostudiow.com.br\/site\/wp-json\/wp\/v2\/users\/2"}],"replies":[{"embeddable":true,"href":"https:\/\/radiostudiow.com.br\/site\/wp-json\/wp\/v2\/comments?post=2301"}],"version-history":[{"count":4,"href":"https:\/\/radiostudiow.com.br\/site\/wp-json\/wp\/v2\/posts\/2301\/revisions"}],"predecessor-version":[{"id":2306,"href":"https:\/\/radiostudiow.com.br\/site\/wp-json\/wp\/v2\/posts\/2301\/revisions\/2306"}],"wp:attachment":[{"href":"https:\/\/radiostudiow.com.br\/site\/wp-json\/wp\/v2\/media?parent=2301"}],"wp:term":[{"taxonomy":"category","embeddable":true,"href":"https:\/\/radiostudiow.com.br\/site\/wp-json\/wp\/v2\/categories?post=2301"},{"taxonomy":"post_tag","embeddable":true,"href":"https:\/\/radiostudiow.com.br\/site\/wp-json\/wp\/v2\/tags?post=2301"}],"curies":[{"name":"wp","href":"https:\/\/api.w.org\/{rel}","templated":true}]}}