{"id":23029,"date":"2024-05-29T10:23:08","date_gmt":"2024-05-29T13:23:08","guid":{"rendered":"https:\/\/radiostudiow.com.br\/site\/?p=23029"},"modified":"2025-01-31T14:59:18","modified_gmt":"2025-01-31T17:59:18","slug":"semana-enef-sicredi-centro-sul-pr-sc-rj-promove-educacao-financeira-para-mais-de-2-mil-pessoas","status":"publish","type":"post","link":"https:\/\/radiostudiow.com.br\/site\/2024\/05\/29\/semana-enef-sicredi-centro-sul-pr-sc-rj-promove-educacao-financeira-para-mais-de-2-mil-pessoas\/","title":{"rendered":"Semana ENEF: Sicredi Centro Sul PR\/SC\/RJ promove educa\u00e7\u00e3o financeira para mais de 2 mil pessoas"},"content":{"rendered":"\n<p><em>A\u00e7\u00f5es refor\u00e7am compromisso da cooperativa com conscientiza\u00e7\u00e3o financeira<\/em><\/p>\n\n\n\n<figure class=\"wp-block-image size-full is-resized\"><img loading=\"lazy\" decoding=\"async\" width=\"300\" height=\"180\" src=\"https:\/\/radiostudiow.com.br\/site\/wp-content\/uploads\/2024\/04\/SITE-PEQUENO-1.png\" alt=\"\" class=\"wp-image-21868\" style=\"width:302px;height:auto\"\/><\/figure>\n\n\n\n<p>A Sicredi Centro Sul PR\/SC\/RJ, uma das 100 cooperativas integrantes do Sistema Sicredi,<br>participou da 11.\u00aa Semana Nacional de Educa\u00e7\u00e3o Financeira (ENEF), cujo tema foi<br>\u201cProte\u00e7\u00e3o Financeira e Solidariedade aos Irm\u00e3os do Rio Grande do Sul\u201d. A partir da<br>iniciativa do F\u00f3rum Brasileiro de Educa\u00e7\u00e3o Financeira (FBEF), a Semana ENEF acontece<br>anualmente desde 2014, com a finalidade de oferecer a\u00e7\u00f5es, eventos e atividades<br>dedicadas a promover a educa\u00e7\u00e3o e prote\u00e7\u00e3o financeira de seus associados e da<br>comunidade em geral.<\/p>\n\n\n\n<p>Nos munic\u00edpios de abrang\u00eancia da cooperativa, visitas \u00e0s escolas e recep\u00e7\u00e3o de<br>associados nas ag\u00eancias fizeram parte das atividades realizadas de 13 a 19 de maio por<br>mais de 50 colaboradores. As palestras e oficinas gratuitas compartilharam dicas de<br>investimento, planejamento e sa\u00fade financeira, adaptadas \u00e0 realidade do p\u00fablico presente.<br>A soma das a\u00e7\u00f5es em toda a cooperativa resultou em mais de 2 mil pessoas alcan\u00e7adas.<\/p>\n\n\n\n<figure class=\"wp-block-image size-full\"><img loading=\"lazy\" decoding=\"async\" width=\"897\" height=\"204\" src=\"https:\/\/radiostudiow.com.br\/site\/wp-content\/uploads\/2024\/04\/image-37.png\" alt=\"\" class=\"wp-image-21305\" srcset=\"https:\/\/radiostudiow.com.br\/site\/wp-content\/uploads\/2024\/04\/image-37.png 897w, https:\/\/radiostudiow.com.br\/site\/wp-content\/uploads\/2024\/04\/image-37-300x68.png 300w, https:\/\/radiostudiow.com.br\/site\/wp-content\/uploads\/2024\/04\/image-37-768x175.png 768w\" sizes=\"auto, (max-width: 897px) 100vw, 897px\" \/><\/figure>\n\n\n\n<p><strong>De acordo com o gerente de ag\u00eancia da Sicredi Centro Sul PR\/SC\/RJ, Kelton Ximenes, que<br>ministrou uma palestra na cidade de Santo Ant\u00f4nio de P\u00e1dua (RJ), falar sobre educa\u00e7\u00e3o<br>financeira \u00e9 uma necessidade imprescind\u00edvel para o desenvolvimento do pa\u00eds.<\/strong> <em>\u201cMomentos<br>como esse contribuem e agregam conhecimento para quem ministra e quem escuta as<br>palestras. Al\u00e9m disso, o impacto repercute na vida de toda a comunidade, despertando para<br>uma vida financeira mais segura e sustent\u00e1vel\u201d, explica.<\/em><\/p>\n\n\n\n<h2 class=\"wp-block-heading\">Coopera\u00e7\u00e3o na Ponta do L\u00e1pis<\/h2>\n\n\n\n<p>O Sicredi participa das atividades da Semana ENEF por meio do programa Coopera\u00e7\u00e3o na<br>Ponta do L\u00e1pis. Lan\u00e7ado em 2020, o programa tem como prop\u00f3sito cooperar para uma vida<br>financeira sustent\u00e1vel e auxiliar as pessoas a tomarem consci\u00eancia de sua rela\u00e7\u00e3o com o<br>dinheiro, desenvolvendo h\u00e1bitos e atitudes que contribuam para uma vida financeira<br>sustent\u00e1vel.<\/p>\n\n\n\n<figure class=\"wp-block-image size-large\"><img loading=\"lazy\" decoding=\"async\" width=\"1024\" height=\"576\" src=\"https:\/\/radiostudiow.com.br\/site\/wp-content\/uploads\/2024\/05\/86140-nacional-tv-coops-comunicacao-interna-pos-campanha-de-educacao-financeira-2024-1024x576.png\" alt=\"\" class=\"wp-image-23031\" srcset=\"https:\/\/radiostudiow.com.br\/site\/wp-content\/uploads\/2024\/05\/86140-nacional-tv-coops-comunicacao-interna-pos-campanha-de-educacao-financeira-2024-1024x576.png 1024w, https:\/\/radiostudiow.com.br\/site\/wp-content\/uploads\/2024\/05\/86140-nacional-tv-coops-comunicacao-interna-pos-campanha-de-educacao-financeira-2024-300x169.png 300w, https:\/\/radiostudiow.com.br\/site\/wp-content\/uploads\/2024\/05\/86140-nacional-tv-coops-comunicacao-interna-pos-campanha-de-educacao-financeira-2024-768x432.png 768w, https:\/\/radiostudiow.com.br\/site\/wp-content\/uploads\/2024\/05\/86140-nacional-tv-coops-comunicacao-interna-pos-campanha-de-educacao-financeira-2024-1536x864.png 1536w, https:\/\/radiostudiow.com.br\/site\/wp-content\/uploads\/2024\/05\/86140-nacional-tv-coops-comunicacao-interna-pos-campanha-de-educacao-financeira-2024.png 1920w\" sizes=\"auto, (max-width: 1024px) 100vw, 1024px\" \/><\/figure>\n\n\n\n<p><strong><em>Sobre o Sicredi<\/em><\/strong><\/p>\n\n\n\n<p><em>O Sicredi \u00e9 uma institui\u00e7\u00e3o financeira cooperativa comprometida com o crescimento de seus associados e com o desenvolvimento das regi\u00f5es onde atua. Possui um modelo de gest\u00e3o que valoriza a articipa\u00e7\u00e3o dos mais de 7,5 milh\u00f5es de associados, que exercem o papel de donos do neg\u00f3cio. Com mais de 2.700 ag\u00eancias, o Sicredi est\u00e1 presente fisicamente em todos os estados brasileiros e no Distrito Federal, disponibilizando uma gama completa de solu\u00e7\u00f5es financeiras e n\u00e3o financeiras.<br>Site do Sicredi: <a href=\"https:\/\/www.sicredi.com.br\/home\/\" data-type=\"link\" data-id=\"https:\/\/www.sicredi.com.br\/home\/\">Clique aqui<\/a><\/em><\/p>\n","protected":false},"excerpt":{"rendered":"<p>A\u00e7\u00f5es refor\u00e7am compromisso da cooperativa com conscientiza\u00e7\u00e3o financeira A Sicredi Centro Sul PR\/SC\/RJ, uma das 100 cooperativas integrantes do Sistema Sicredi,participou da 11.\u00aa Semana Nacional de Educa\u00e7\u00e3o Financeira (ENEF), cujo tema foi\u201cProte\u00e7\u00e3o Financeira e Solidariedade aos Irm\u00e3os do Rio Grande do Sul\u201d. A partir dainiciativa do F\u00f3rum Brasileiro de Educa\u00e7\u00e3o Financeira (FBEF), a Semana ENEF [&hellip;]<\/p>\n","protected":false},"author":2,"featured_media":23030,"comment_status":"open","ping_status":"open","sticky":false,"template":"","format":"standard","meta":{"footnotes":""},"categories":[7],"tags":[172],"class_list":["post-23029","post","type-post","status-publish","format-standard","has-post-thumbnail","hentry","category-geral","tag-featured"],"amp_enabled":true,"_links":{"self":[{"href":"https:\/\/radiostudiow.com.br\/site\/wp-json\/wp\/v2\/posts\/23029","targetHints":{"allow":["GET"]}}],"collection":[{"href":"https:\/\/radiostudiow.com.br\/site\/wp-json\/wp\/v2\/posts"}],"about":[{"href":"https:\/\/radiostudiow.com.br\/site\/wp-json\/wp\/v2\/types\/post"}],"author":[{"embeddable":true,"href":"https:\/\/radiostudiow.com.br\/site\/wp-json\/wp\/v2\/users\/2"}],"replies":[{"embeddable":true,"href":"https:\/\/radiostudiow.com.br\/site\/wp-json\/wp\/v2\/comments?post=23029"}],"version-history":[{"count":1,"href":"https:\/\/radiostudiow.com.br\/site\/wp-json\/wp\/v2\/posts\/23029\/revisions"}],"predecessor-version":[{"id":23032,"href":"https:\/\/radiostudiow.com.br\/site\/wp-json\/wp\/v2\/posts\/23029\/revisions\/23032"}],"wp:featuredmedia":[{"embeddable":true,"href":"https:\/\/radiostudiow.com.br\/site\/wp-json\/wp\/v2\/media\/23030"}],"wp:attachment":[{"href":"https:\/\/radiostudiow.com.br\/site\/wp-json\/wp\/v2\/media?parent=23029"}],"wp:term":[{"taxonomy":"category","embeddable":true,"href":"https:\/\/radiostudiow.com.br\/site\/wp-json\/wp\/v2\/categories?post=23029"},{"taxonomy":"post_tag","embeddable":true,"href":"https:\/\/radiostudiow.com.br\/site\/wp-json\/wp\/v2\/tags?post=23029"}],"curies":[{"name":"wp","href":"https:\/\/api.w.org\/{rel}","templated":true}]}}