{"id":23034,"date":"2024-05-31T16:52:13","date_gmt":"2024-05-31T19:52:13","guid":{"rendered":"https:\/\/radiostudiow.com.br\/site\/?p=23034"},"modified":"2025-01-31T14:59:18","modified_gmt":"2025-01-31T17:59:18","slug":"sicredi-dobra-o-valor-arrecadado-em-movimento-nacional-para-o-rio-grande-do-sul-e-inicia-nova-mobilizacao","status":"publish","type":"post","link":"https:\/\/radiostudiow.com.br\/site\/2024\/05\/31\/sicredi-dobra-o-valor-arrecadado-em-movimento-nacional-para-o-rio-grande-do-sul-e-inicia-nova-mobilizacao\/","title":{"rendered":"Sicredi dobra o valor arrecadado em movimento nacional para o Rio Grande do Sul e inicia nova mobiliza\u00e7\u00e3o"},"content":{"rendered":"\n<p><em>Institui\u00e7\u00e3o financeira cooperativa tamb\u00e9m atua na linha de frente de centros de distribui\u00e7\u00e3o de donativos, medidas em apoio aos seus associados impactados, e suporte aos colaboradores que atuam na regi\u00e3o<\/em><\/p>\n\n\n\n<figure class=\"wp-block-image size-full\"><img loading=\"lazy\" decoding=\"async\" width=\"897\" height=\"204\" src=\"https:\/\/radiostudiow.com.br\/site\/wp-content\/uploads\/2024\/04\/image-15.png\" alt=\"\" class=\"wp-image-21199\" srcset=\"https:\/\/radiostudiow.com.br\/site\/wp-content\/uploads\/2024\/04\/image-15.png 897w, https:\/\/radiostudiow.com.br\/site\/wp-content\/uploads\/2024\/04\/image-15-300x68.png 300w, https:\/\/radiostudiow.com.br\/site\/wp-content\/uploads\/2024\/04\/image-15-768x175.png 768w\" sizes=\"auto, (max-width: 897px) 100vw, 897px\" \/><\/figure>\n\n\n\n<p>As enchentes no Rio Grande do Sul causaram estragos significativos, e o estado ainda precisa de apoio e solidariedade para ajudar a popula\u00e7\u00e3o afetada. O Sicredi, institui\u00e7\u00e3o financeira cooperativa presente em todo o pa\u00eds, reafirma seu comprometimento com as comunidades ga\u00fachas e dobrar\u00e1 cada real recebido por meio do pix da Funda\u00e7\u00e3o Sicredi.&nbsp;<\/p>\n\n\n\n<p>At\u00e9 o momento, R$ 10 milh\u00f5es foram recebidos nessa iniciativa, que teve in\u00edcio no dia 03 de maio, e o Sicredi aportou o mesmo valor doado, totalizando R$ 20 milh\u00f5es. Esses recursos est\u00e3o sendo destinados \u00e0s cooperativas e utilizados de diferentes formas, considerando a necessidade da popula\u00e7\u00e3o de cada munic\u00edpio, incluindo a compra mantimentos e de materiais necess\u00e1rios, adequados a cada situa\u00e7\u00e3o.<\/p>\n\n\n\n<p>O Sicredi segue mobilizando os seus p\u00fablicos, e continuar\u00e1 com a mesma din\u00e2mica de igualar o valor recebidos via pix da Funda\u00e7\u00e3o Sicredi. A iniciativa reflete um dos pilares do cooperativismo que \u00e9 a solidariedade, com a uni\u00e3o de esfor\u00e7os para enfrentar os desafios. Os interessados em participar podem enviar suas doa\u00e7\u00f5es, de qualquer valor, para a chave pix\u00a0<a href=\"mailto:ajuders@sicredi.com.br\" target=\"_blank\" rel=\"noreferrer noopener\">ajuders@sicredi.com.br<\/a>, conferindo o nome favorecido como Funda\u00e7\u00e3o Sicredi.<\/p>\n\n\n\n<figure class=\"wp-block-image size-full\"><img decoding=\"async\" src=\"https:\/\/radiostudiow.com.br\/site\/wp-content\/uploads\/2024\/04\/SITE-MEDIO.png\" alt=\"\" class=\"wp-image-21854\"\/><\/figure>\n\n\n\n<p>O diretor executivo do Sicredi, C\u00e9sar Bochi, ressalta que as a\u00e7\u00f5es j\u00e1 anunciadas s\u00e3o apenas uma parte do empenho que as cooperativas v\u00eam realizando para ajudar o Rio Grande do Sul nesse processo de reconstru\u00e7\u00e3o. <em>&#8220;O desenvolvimento das regi\u00f5es onde atuamos e o apoio \u00e0s comunidades em todo o pa\u00eds, \u00e9 parte da ess\u00eancia do Sicredi e n\u00e3o ser\u00e1 diferente agora. A situa\u00e7\u00e3o do RS requer uma resposta solid\u00e1ria e efetiva. Dobrar cada real recebido \u00e9 uma das frentes em que estamos atuando. Nossas cooperativas est\u00e3o mobilizadas nacionalmente para fazer muito mais, apoiando as comunidades afetadas e mostrando o verdadeiro poder da coopera\u00e7\u00e3o. Juntos, podemos fazer a diferen\u00e7a e apoiar aqueles que mais precisam neste momento desafiador&#8221;, afirma.<\/em><\/p>\n\n\n\n<p>Dos 397 munic\u00edpios do RS que declararam estado de calamidade e emerg\u00eancia, conforme decreto estadual do dia 05 de maio, o Sicredi tem presen\u00e7a em 388, abrangendo mais de 2 milh\u00f5es de associados. Em 49 desses 388 munic\u00edpios, s\u00f3 existe o Sicredi como institui\u00e7\u00e3o financeira fisicamente presente.<\/p>\n\n\n\n<figure class=\"wp-block-image size-large\"><img loading=\"lazy\" decoding=\"async\" width=\"1024\" height=\"315\" src=\"https:\/\/radiostudiow.com.br\/site\/wp-content\/uploads\/2024\/05\/86471-banner-site-1950x600-1-1024x315.png\" alt=\"\" class=\"wp-image-23086\" srcset=\"https:\/\/radiostudiow.com.br\/site\/wp-content\/uploads\/2024\/05\/86471-banner-site-1950x600-1-1024x315.png 1024w, https:\/\/radiostudiow.com.br\/site\/wp-content\/uploads\/2024\/05\/86471-banner-site-1950x600-1-300x92.png 300w, https:\/\/radiostudiow.com.br\/site\/wp-content\/uploads\/2024\/05\/86471-banner-site-1950x600-1-768x236.png 768w, https:\/\/radiostudiow.com.br\/site\/wp-content\/uploads\/2024\/05\/86471-banner-site-1950x600-1-1536x473.png 1536w, https:\/\/radiostudiow.com.br\/site\/wp-content\/uploads\/2024\/05\/86471-banner-site-1950x600-1.png 1950w\" sizes=\"auto, (max-width: 1024px) 100vw, 1024px\" \/><\/figure>\n\n\n\n<p>Desde o in\u00edcio das enchentes que assolaram o estado, o Sicredi tamb\u00e9m vem cooperando com a comunidade de maneira geral com a\u00e7\u00f5es como a organiza\u00e7\u00e3o, com apoio de parceiros, de 16 centros de distribui\u00e7\u00e3o de donativos. <em>\u201cAcompanhamos de perto e vivenciamos o impacto das fortes chuvas no Rio Grande do Sul, mas rapidamente come\u00e7amos a ver a for\u00e7a do cooperativismo mais uma vez construindo caminhos para ajudar as pessoas impactadas. As cooperativas criaram centros de distribui\u00e7\u00e3o no RS para reunir mantimentos e itens necess\u00e1rios para a popula\u00e7\u00e3o atingida. Os donativos recebidos nesses locais, at\u00e9 o momento, tiveram origem, principalmente, em entidades, como a Defesa Civil do Paran\u00e1, cooperativas do pr\u00f3prio Sicredi, que atuam no estado e em outras regi\u00f5es do pa\u00eds, e outras cooperativas de diferentes ramos de atua\u00e7\u00e3o. \u00c9 um movimento que nos d\u00e1 esperan\u00e7a e ainda mais for\u00e7a para apoiar a reconstru\u00e7\u00e3o das comunidades onde atuamos\u201d, afirma M\u00e1rcio Port, presidente da Central Sicredi Sul\/Sudeste.<\/em><\/p>\n\n\n\n<p>Os centros de distribui\u00e7\u00e3o j\u00e1 receberam 97 caminh\u00f5es com cargas de roupas, alimentos, \u00e1gua pot\u00e1vel, produtos de higiene, itens para camas, entre outros. Os donativos t\u00eam sido destinados a abrigos, escolas, hospitais, Defesa Civil do RS, e comunidade em geral.<\/p>\n\n\n\n<p>A institui\u00e7\u00e3o tamb\u00e9m colaborou com a Defesa Civil do estado que atua no Centro de Opera\u00e7\u00f5es de Prote\u00e7\u00e3o e Defesa Civil (Codec), no apoio \u00e0 operacionaliza\u00e7\u00e3o de um assistente automatizado de atendimento ao cidad\u00e3o, entre outras diversas a\u00e7\u00f5es locais realizadas pelas cooperativas em suas comunidades de atua\u00e7\u00e3o.<\/p>\n\n\n\n<p>Mais a\u00e7\u00f5es podem ser conferidas em\u00a0<a href=\"https:\/\/www.sicredi.com.br\/site\/ajuders\/\" target=\"_blank\" rel=\"noreferrer noopener\">https:\/\/www.sicredi.com.br\/site\/ajuders\/<\/a>.<\/p>\n\n\n\n<figure class=\"wp-block-image size-full\"><img loading=\"lazy\" decoding=\"async\" width=\"598\" height=\"204\" src=\"https:\/\/radiostudiow.com.br\/site\/wp-content\/uploads\/2024\/04\/image-29.png\" alt=\"\" class=\"wp-image-21283\" srcset=\"https:\/\/radiostudiow.com.br\/site\/wp-content\/uploads\/2024\/04\/image-29.png 598w, https:\/\/radiostudiow.com.br\/site\/wp-content\/uploads\/2024\/04\/image-29-300x102.png 300w\" sizes=\"auto, (max-width: 598px) 100vw, 598px\" \/><\/figure>\n\n\n\n<p><strong>Associados<\/strong><\/p>\n\n\n\n<p>A institui\u00e7\u00e3o adotou ainda uma s\u00e9rie de procedimentos de aux\u00edlio aos seus associados. Dentre as principais medidas, o Sicredi possibilitou a posterga\u00e7\u00e3o de vencimento das parcelas dos empr\u00e9stimos e dos financiamentos feitos pelos associados e bloqueio dos protestos e negativa\u00e7\u00f5es autom\u00e1ticas de t\u00edtulos. At\u00e9 o momento, foram realizadas mais de 50 mil prorroga\u00e7\u00f5es de parcelas.<\/p>\n\n\n\n<p>No segmento de seguros, foram adiados os vencimentos de parcelas e vig\u00eancias dos contratos de seguros e priorizados os atendimentos para acionamento desse servi\u00e7o. A institui\u00e7\u00e3o acrescenta que flexibilizou condi\u00e7\u00f5es de resgate para produtos de investimentos e Previd\u00eancia, assim como isentou o pagamento de multas e juros por atraso em cons\u00f3rcios. Tamb\u00e9m intensificou medidas para acelerar a emiss\u00e3o de segunda via de cart\u00f5es, sem custos adicionais, e para substitui\u00e7\u00e3o de maquininhas danificadas.<\/p>\n\n\n\n<p><strong>Colaboradores<\/strong><\/p>\n\n\n\n<p>O Sicredi tamb\u00e9m buscou garantir a seguran\u00e7a de seus colaboradores e familiares, apoiando-os desde o primeiro momento no processo de resgate, acomoda\u00e7\u00e3o e suporte emocional e financeiro.&nbsp;<\/p>\n\n\n\n<p>No estado, s\u00e3o mais de 19 mil pessoas colaboradoras. Desabrigados receberam acesso imediato a locais para hospedagem, al\u00e9m de todos atingidos receberem antecipa\u00e7\u00e3o do aux\u00edlio alimenta\u00e7\u00e3o. A institui\u00e7\u00e3o refor\u00e7ou ainda a disponibilidade do seu programa de suporte \u00e0 sa\u00fade emocional, Sempre Bem, al\u00e9m de um trabalho direcionado aos casos cr\u00edticos. H\u00e1, ainda, a organiza\u00e7\u00e3o de a\u00e7\u00f5es coordenadas para liberar os colaboradores em a\u00e7\u00f5es de voluntariado e apoio aos colegas mais atingidos.<\/p>\n\n\n\n<figure class=\"wp-block-image size-large\"><img loading=\"lazy\" decoding=\"async\" width=\"1024\" height=\"576\" src=\"https:\/\/radiostudiow.com.br\/site\/wp-content\/uploads\/2024\/05\/86140-nacional-tv-coops-comunicacao-interna-pos-campanha-de-educacao-financeira-2024-1024x576.png\" alt=\"\" class=\"wp-image-23031\" srcset=\"https:\/\/radiostudiow.com.br\/site\/wp-content\/uploads\/2024\/05\/86140-nacional-tv-coops-comunicacao-interna-pos-campanha-de-educacao-financeira-2024-1024x576.png 1024w, https:\/\/radiostudiow.com.br\/site\/wp-content\/uploads\/2024\/05\/86140-nacional-tv-coops-comunicacao-interna-pos-campanha-de-educacao-financeira-2024-300x169.png 300w, https:\/\/radiostudiow.com.br\/site\/wp-content\/uploads\/2024\/05\/86140-nacional-tv-coops-comunicacao-interna-pos-campanha-de-educacao-financeira-2024-768x432.png 768w, https:\/\/radiostudiow.com.br\/site\/wp-content\/uploads\/2024\/05\/86140-nacional-tv-coops-comunicacao-interna-pos-campanha-de-educacao-financeira-2024-1536x864.png 1536w, https:\/\/radiostudiow.com.br\/site\/wp-content\/uploads\/2024\/05\/86140-nacional-tv-coops-comunicacao-interna-pos-campanha-de-educacao-financeira-2024.png 1920w\" sizes=\"auto, (max-width: 1024px) 100vw, 1024px\" \/><\/figure>\n\n\n\n<p><strong>Sobre o Sicredi<\/strong><\/p>\n\n\n\n<p>O Sicredi \u00e9 uma institui\u00e7\u00e3o financeira cooperativa comprometida com o crescimento de seus associados e com o desenvolvimento das regi\u00f5es onde atua. Possui um modelo de gest\u00e3o que valoriza a participa\u00e7\u00e3o dos mais de 7,5 milh\u00f5es de associados, que exercem o papel de donos do neg\u00f3cio. Com mais de 2.700 ag\u00eancias, o Sicredi est\u00e1 presente fisicamente em todos os estados brasileiros e no Distrito Federal, disponibilizando uma gama completa de solu\u00e7\u00f5es financeiras e n\u00e3o financeiras.&nbsp;&nbsp;<\/p>\n\n\n\n<p>&nbsp;Site do Sicredi:<a href=\"http:\/\/www.sicredi.com.br\/site\" target=\"_blank\" rel=\"noreferrer noopener\">&nbsp;Clique aqui<\/a>&nbsp;&nbsp;<\/p>\n\n\n\n<p><strong>Sobre a Funda\u00e7\u00e3o Sicredi<\/strong><\/p>\n\n\n\n<p>A Funda\u00e7\u00e3o Sicredi \u00e9 uma organiza\u00e7\u00e3o da sociedade civil (OSC), sem fins lucrativos, que tem o prop\u00f3sito de manter viva a ess\u00eancia do cooperativismo por meio do desenvolvimento de programas e iniciativas educacionais, sociais, culturais, ambientais e de governan\u00e7a para a amplia\u00e7\u00e3o do impacto positivo nas comunidades. A Funda\u00e7\u00e3o apoia as cooperativas em todo o Brasil, na estrutura\u00e7\u00e3o e implementa\u00e7\u00e3o dos programas e iniciativas sist\u00eamicas, com mais de 300 pessoas colaboradoras que atuam diretamente junto das comunidades.&nbsp;<\/p>\n\n\n\n<p>Site da Funda\u00e7\u00e3o Sicredi:&nbsp;<a href=\"https:\/\/www.sicredi.com.br\/site\/fundacao\/\" target=\"_blank\" rel=\"noreferrer noopener\">Clique aqui<\/a><\/p>\n","protected":false},"excerpt":{"rendered":"<p>Institui\u00e7\u00e3o financeira cooperativa tamb\u00e9m atua na linha de frente de centros de distribui\u00e7\u00e3o de donativos, medidas em apoio aos seus associados impactados, e suporte aos colaboradores que atuam na regi\u00e3o As enchentes no Rio Grande do Sul causaram estragos significativos, e o estado ainda precisa de apoio e solidariedade para ajudar a popula\u00e7\u00e3o afetada. O [&hellip;]<\/p>\n","protected":false},"author":2,"featured_media":23035,"comment_status":"open","ping_status":"open","sticky":false,"template":"","format":"standard","meta":{"footnotes":""},"categories":[7],"tags":[172],"class_list":["post-23034","post","type-post","status-publish","format-standard","has-post-thumbnail","hentry","category-geral","tag-featured"],"amp_enabled":true,"_links":{"self":[{"href":"https:\/\/radiostudiow.com.br\/site\/wp-json\/wp\/v2\/posts\/23034","targetHints":{"allow":["GET"]}}],"collection":[{"href":"https:\/\/radiostudiow.com.br\/site\/wp-json\/wp\/v2\/posts"}],"about":[{"href":"https:\/\/radiostudiow.com.br\/site\/wp-json\/wp\/v2\/types\/post"}],"author":[{"embeddable":true,"href":"https:\/\/radiostudiow.com.br\/site\/wp-json\/wp\/v2\/users\/2"}],"replies":[{"embeddable":true,"href":"https:\/\/radiostudiow.com.br\/site\/wp-json\/wp\/v2\/comments?post=23034"}],"version-history":[{"count":2,"href":"https:\/\/radiostudiow.com.br\/site\/wp-json\/wp\/v2\/posts\/23034\/revisions"}],"predecessor-version":[{"id":23088,"href":"https:\/\/radiostudiow.com.br\/site\/wp-json\/wp\/v2\/posts\/23034\/revisions\/23088"}],"wp:featuredmedia":[{"embeddable":true,"href":"https:\/\/radiostudiow.com.br\/site\/wp-json\/wp\/v2\/media\/23035"}],"wp:attachment":[{"href":"https:\/\/radiostudiow.com.br\/site\/wp-json\/wp\/v2\/media?parent=23034"}],"wp:term":[{"taxonomy":"category","embeddable":true,"href":"https:\/\/radiostudiow.com.br\/site\/wp-json\/wp\/v2\/categories?post=23034"},{"taxonomy":"post_tag","embeddable":true,"href":"https:\/\/radiostudiow.com.br\/site\/wp-json\/wp\/v2\/tags?post=23034"}],"curies":[{"name":"wp","href":"https:\/\/api.w.org\/{rel}","templated":true}]}}