{"id":23044,"date":"2024-05-29T20:17:21","date_gmt":"2024-05-29T23:17:21","guid":{"rendered":"https:\/\/radiostudiow.com.br\/site\/?p=23044"},"modified":"2025-01-31T14:59:18","modified_gmt":"2025-01-31T17:59:18","slug":"transito-na-ponte-do-arco-sera-interrompido-na-quinta-feira-30","status":"publish","type":"post","link":"https:\/\/radiostudiow.com.br\/site\/2024\/05\/29\/transito-na-ponte-do-arco-sera-interrompido-na-quinta-feira-30\/","title":{"rendered":"Tr\u00e2nsito na Ponte do Arco ser\u00e1 interrompido na quinta-feira (30)"},"content":{"rendered":"\n<figure class=\"wp-block-image size-full\"><img loading=\"lazy\" decoding=\"async\" width=\"598\" height=\"204\" src=\"https:\/\/radiostudiow.com.br\/site\/wp-content\/uploads\/2024\/04\/image-39.png\" alt=\"\" class=\"wp-image-21311\" srcset=\"https:\/\/radiostudiow.com.br\/site\/wp-content\/uploads\/2024\/04\/image-39.png 598w, https:\/\/radiostudiow.com.br\/site\/wp-content\/uploads\/2024\/04\/image-39-300x102.png 300w\" sizes=\"auto, (max-width: 598px) 100vw, 598px\" \/><\/figure>\n\n\n\n<p>O tr\u00e2nsito na ponte do Arco, em Uni\u00e3o da Vit\u00f3ria, ser\u00e1 interrompido nesta quinta-feira, 30, para a realiza\u00e7\u00e3o de servi\u00e7os no trecho. A empresa Engemass, respons\u00e1vel pela obra de conten\u00e7\u00e3o no morro Dona Mercedes, anunciou a interrup\u00e7\u00e3o.<\/p>\n\n\n\n<p>O bloqueio inicia as 23:00 horas do dia 29\/05 e vai at\u00e9 as 18h:00 horas do dia 30\/05. Durante esse per\u00edodo, os motoristas dever\u00e3o utilizar rotas alternativas. As obras est\u00e3o progredindo rapidamente, e a colabora\u00e7\u00e3o de todos \u00e9 essencial para garantir a seguran\u00e7a e a efici\u00eancia dos trabalhos.<\/p>\n\n\n\n<p><strong>Al\u00e9m disso, o bloqueio noturno continuar\u00e1 at\u00e9 o final de semana, das 23:00 horas \u00e0s 6:00 horas.<\/strong><\/p>\n\n\n\n<figure class=\"wp-block-image size-full\"><img decoding=\"async\" src=\"https:\/\/radiostudiow.com.br\/site\/wp-content\/uploads\/2024\/04\/image-11.png\" alt=\"\" class=\"wp-image-21624\"\/><\/figure>\n\n\n\n<p>Os servi\u00e7os incluem a escava\u00e7\u00e3o e demoli\u00e7\u00e3o de material rochoso com escavadeiras equipadas com ferramentas especiais. Pr\u00f3ximo \u00e0 ponte, ser\u00e1 realizada a remo\u00e7\u00e3o de blocos de rochas soltas utilizando maquin\u00e1rio especializado, com plataformas articuladas para trabalhos de at\u00e9 40 metros de altura e guindastes para alturas de at\u00e9 90 metros.<\/p>\n","protected":false},"excerpt":{"rendered":"<p>O tr\u00e2nsito na ponte do Arco, em Uni\u00e3o da Vit\u00f3ria, ser\u00e1 interrompido nesta quinta-feira, 30, para a realiza\u00e7\u00e3o de servi\u00e7os no trecho. A empresa Engemass, respons\u00e1vel pela obra de conten\u00e7\u00e3o no morro Dona Mercedes, anunciou a interrup\u00e7\u00e3o. O bloqueio inicia as 23:00 horas do dia 29\/05 e vai at\u00e9 as 18h:00 horas do dia 30\/05. [&hellip;]<\/p>\n","protected":false},"author":2,"featured_media":23045,"comment_status":"open","ping_status":"open","sticky":false,"template":"","format":"standard","meta":{"footnotes":""},"categories":[7],"tags":[172],"class_list":["post-23044","post","type-post","status-publish","format-standard","has-post-thumbnail","hentry","category-geral","tag-featured"],"amp_enabled":true,"_links":{"self":[{"href":"https:\/\/radiostudiow.com.br\/site\/wp-json\/wp\/v2\/posts\/23044","targetHints":{"allow":["GET"]}}],"collection":[{"href":"https:\/\/radiostudiow.com.br\/site\/wp-json\/wp\/v2\/posts"}],"about":[{"href":"https:\/\/radiostudiow.com.br\/site\/wp-json\/wp\/v2\/types\/post"}],"author":[{"embeddable":true,"href":"https:\/\/radiostudiow.com.br\/site\/wp-json\/wp\/v2\/users\/2"}],"replies":[{"embeddable":true,"href":"https:\/\/radiostudiow.com.br\/site\/wp-json\/wp\/v2\/comments?post=23044"}],"version-history":[{"count":1,"href":"https:\/\/radiostudiow.com.br\/site\/wp-json\/wp\/v2\/posts\/23044\/revisions"}],"predecessor-version":[{"id":23046,"href":"https:\/\/radiostudiow.com.br\/site\/wp-json\/wp\/v2\/posts\/23044\/revisions\/23046"}],"wp:featuredmedia":[{"embeddable":true,"href":"https:\/\/radiostudiow.com.br\/site\/wp-json\/wp\/v2\/media\/23045"}],"wp:attachment":[{"href":"https:\/\/radiostudiow.com.br\/site\/wp-json\/wp\/v2\/media?parent=23044"}],"wp:term":[{"taxonomy":"category","embeddable":true,"href":"https:\/\/radiostudiow.com.br\/site\/wp-json\/wp\/v2\/categories?post=23044"},{"taxonomy":"post_tag","embeddable":true,"href":"https:\/\/radiostudiow.com.br\/site\/wp-json\/wp\/v2\/tags?post=23044"}],"curies":[{"name":"wp","href":"https:\/\/api.w.org\/{rel}","templated":true}]}}