{"id":23049,"date":"2024-05-29T20:47:15","date_gmt":"2024-05-29T23:47:15","guid":{"rendered":"https:\/\/radiostudiow.com.br\/site\/?p=23049"},"modified":"2025-01-31T14:59:18","modified_gmt":"2025-01-31T17:59:18","slug":"caminhao-fica-destruido-em-incendio-na-br-153-entre-general-carneiro-e-uniao-da-vitoria","status":"publish","type":"post","link":"https:\/\/radiostudiow.com.br\/site\/2024\/05\/29\/caminhao-fica-destruido-em-incendio-na-br-153-entre-general-carneiro-e-uniao-da-vitoria\/","title":{"rendered":"Caminh\u00e3o fica destru\u00eddo em inc\u00eandio na BR-153 entre General Carneiro e Uni\u00e3o da Vit\u00f3ria"},"content":{"rendered":"\n<p>O Corpo de Bombeiros esteve mobilizado durante a madrugada desta quarta-feira, dia 29 de maio, por volta das 05 horas, combatendo um inc\u00eandio que atingiu um caminh\u00e3o na rodovia BR-153, entre General Carneiro e Uni\u00e3o da Vit\u00f3ria.<\/p>\n\n\n\n<figure class=\"wp-block-image size-full\"><img decoding=\"async\" src=\"https:\/\/radiostudiow.com.br\/site\/wp-content\/uploads\/2024\/04\/image-55.png\" alt=\"\" class=\"wp-image-21389\"\/><\/figure>\n\n\n\n<p>De acordo com informa\u00e7\u00f5es, o inc\u00eandio atingiu um caminh\u00e3o VW\/24.280 de cor azul com placas de Corup\u00e1\/SC carregado com estruturas met\u00e1licas industriais.<\/p>\n\n\n\n<p>O sinistro ocorreu na altura do quil\u00f4metro 473, pr\u00f3ximo ao posto da Pol\u00edcia Rodovi\u00e1ria Federal.<\/p>\n\n\n<div class=\"wp-block-image\">\n<figure class=\"aligncenter\"><img decoding=\"async\" src=\"https:\/\/canal4.tv.br\/wp-content\/uploads\/2024\/05\/WhatsApp-Image-2024-05-29-at-07.42.52-2.jpeg\" alt=\"\" class=\"wp-image-57959\"\/><\/figure>\n<\/div>\n\n<div class=\"wp-block-image\">\n<figure class=\"aligncenter\"><img decoding=\"async\" src=\"https:\/\/canal4.tv.br\/wp-content\/uploads\/2024\/05\/WhatsApp-Image-2024-05-29-at-07.42.52-1.jpeg\" alt=\"\" class=\"wp-image-57960\"\/><\/figure>\n<\/div>\n\n\n<p>O Corpo de Bombeiros empenhou duas viaturas para combater o inc\u00eandio, onde o caminh\u00e3o acabou ficando destru\u00eddo. O motorista saiu ileso.<\/p>\n","protected":false},"excerpt":{"rendered":"<p>O Corpo de Bombeiros esteve mobilizado durante a madrugada desta quarta-feira, dia 29 de maio, por volta das 05 horas, combatendo um inc\u00eandio que atingiu um caminh\u00e3o na rodovia BR-153, entre General Carneiro e Uni\u00e3o da Vit\u00f3ria. De acordo com informa\u00e7\u00f5es, o inc\u00eandio atingiu um caminh\u00e3o VW\/24.280 de cor azul com placas de Corup\u00e1\/SC carregado [&hellip;]<\/p>\n","protected":false},"author":2,"featured_media":23050,"comment_status":"open","ping_status":"open","sticky":false,"template":"","format":"standard","meta":{"footnotes":""},"categories":[185],"tags":[172],"class_list":["post-23049","post","type-post","status-publish","format-standard","has-post-thumbnail","hentry","category-regional","tag-featured"],"amp_enabled":true,"_links":{"self":[{"href":"https:\/\/radiostudiow.com.br\/site\/wp-json\/wp\/v2\/posts\/23049","targetHints":{"allow":["GET"]}}],"collection":[{"href":"https:\/\/radiostudiow.com.br\/site\/wp-json\/wp\/v2\/posts"}],"about":[{"href":"https:\/\/radiostudiow.com.br\/site\/wp-json\/wp\/v2\/types\/post"}],"author":[{"embeddable":true,"href":"https:\/\/radiostudiow.com.br\/site\/wp-json\/wp\/v2\/users\/2"}],"replies":[{"embeddable":true,"href":"https:\/\/radiostudiow.com.br\/site\/wp-json\/wp\/v2\/comments?post=23049"}],"version-history":[{"count":1,"href":"https:\/\/radiostudiow.com.br\/site\/wp-json\/wp\/v2\/posts\/23049\/revisions"}],"predecessor-version":[{"id":23051,"href":"https:\/\/radiostudiow.com.br\/site\/wp-json\/wp\/v2\/posts\/23049\/revisions\/23051"}],"wp:featuredmedia":[{"embeddable":true,"href":"https:\/\/radiostudiow.com.br\/site\/wp-json\/wp\/v2\/media\/23050"}],"wp:attachment":[{"href":"https:\/\/radiostudiow.com.br\/site\/wp-json\/wp\/v2\/media?parent=23049"}],"wp:term":[{"taxonomy":"category","embeddable":true,"href":"https:\/\/radiostudiow.com.br\/site\/wp-json\/wp\/v2\/categories?post=23049"},{"taxonomy":"post_tag","embeddable":true,"href":"https:\/\/radiostudiow.com.br\/site\/wp-json\/wp\/v2\/tags?post=23049"}],"curies":[{"name":"wp","href":"https:\/\/api.w.org\/{rel}","templated":true}]}}