{"id":23057,"date":"2024-05-31T09:31:28","date_gmt":"2024-05-31T12:31:28","guid":{"rendered":"https:\/\/radiostudiow.com.br\/site\/?p=23057"},"modified":"2025-01-31T14:59:18","modified_gmt":"2025-01-31T17:59:18","slug":"mulher-morre-atingida-por-arvore-em-paulo-frontin","status":"publish","type":"post","link":"https:\/\/radiostudiow.com.br\/site\/2024\/05\/31\/mulher-morre-atingida-por-arvore-em-paulo-frontin\/","title":{"rendered":"Moradora de Paulo Frontin morre atingida por \u00e1rvore"},"content":{"rendered":"\n<p>Uma moradora de Paulo Frontin, identificada como Claudete Kozowski Denke, de 50 anos de idade, perdeu a vida em uma trag\u00e9dia na localidade da Linha Igua\u00e7u por volta das 13h30 horas dessa quarta-feira (29).<\/p>\n\n\n\n<figure class=\"wp-block-image size-full\"><img decoding=\"async\" src=\"https:\/\/radiostudiow.com.br\/site\/wp-content\/uploads\/2024\/04\/image-55.png\" alt=\"\" class=\"wp-image-21389\"\/><\/figure>\n\n\n\n<p>De acordo com o relat\u00f3rio policial, um senhor acionou a equipe relatando que ele estava com sua esposa Claudete e seu filho realizando o corte de uma \u00e1rvore de eucalipto. Ao ser finalizado o corte, em determinado momento, a \u00e1rvore se voltou contra a fam\u00edlia, vindo a atingir Claudete.<\/p>\n\n\n\n<p>Ela n\u00e3o resistiu aos ferimentos e foi a \u00f3bito logo ap\u00f3s o acidente. Diante dos fatos, foi acionado a Pol\u00edcia Civil e a Criminal\u00edstica e o corpo foi encaminhado ao IML de Uni\u00e3o da Vit\u00f3ria.<\/p>\n\n\n\n<figure class=\"wp-block-image size-full\"><img loading=\"lazy\" decoding=\"async\" width=\"598\" height=\"204\" src=\"https:\/\/radiostudiow.com.br\/site\/wp-content\/uploads\/2024\/04\/image-12.png\" alt=\"\" class=\"wp-image-21187\" srcset=\"https:\/\/radiostudiow.com.br\/site\/wp-content\/uploads\/2024\/04\/image-12.png 598w, https:\/\/radiostudiow.com.br\/site\/wp-content\/uploads\/2024\/04\/image-12-300x102.png 300w\" sizes=\"auto, (max-width: 598px) 100vw, 598px\" \/><\/figure>\n","protected":false},"excerpt":{"rendered":"<p>Uma moradora de Paulo Frontin, identificada como Claudete Kozowski Denke, de 50 anos de idade, perdeu a vida em uma trag\u00e9dia na localidade da Linha Igua\u00e7u por volta das 13h30 horas dessa quarta-feira (29). De acordo com o relat\u00f3rio policial, um senhor acionou a equipe relatando que ele estava com sua esposa Claudete e seu [&hellip;]<\/p>\n","protected":false},"author":2,"featured_media":0,"comment_status":"open","ping_status":"open","sticky":false,"template":"","format":"standard","meta":{"footnotes":""},"categories":[185],"tags":[172],"class_list":["post-23057","post","type-post","status-publish","format-standard","hentry","category-regional","tag-featured"],"amp_enabled":true,"_links":{"self":[{"href":"https:\/\/radiostudiow.com.br\/site\/wp-json\/wp\/v2\/posts\/23057","targetHints":{"allow":["GET"]}}],"collection":[{"href":"https:\/\/radiostudiow.com.br\/site\/wp-json\/wp\/v2\/posts"}],"about":[{"href":"https:\/\/radiostudiow.com.br\/site\/wp-json\/wp\/v2\/types\/post"}],"author":[{"embeddable":true,"href":"https:\/\/radiostudiow.com.br\/site\/wp-json\/wp\/v2\/users\/2"}],"replies":[{"embeddable":true,"href":"https:\/\/radiostudiow.com.br\/site\/wp-json\/wp\/v2\/comments?post=23057"}],"version-history":[{"count":5,"href":"https:\/\/radiostudiow.com.br\/site\/wp-json\/wp\/v2\/posts\/23057\/revisions"}],"predecessor-version":[{"id":23109,"href":"https:\/\/radiostudiow.com.br\/site\/wp-json\/wp\/v2\/posts\/23057\/revisions\/23109"}],"wp:attachment":[{"href":"https:\/\/radiostudiow.com.br\/site\/wp-json\/wp\/v2\/media?parent=23057"}],"wp:term":[{"taxonomy":"category","embeddable":true,"href":"https:\/\/radiostudiow.com.br\/site\/wp-json\/wp\/v2\/categories?post=23057"},{"taxonomy":"post_tag","embeddable":true,"href":"https:\/\/radiostudiow.com.br\/site\/wp-json\/wp\/v2\/tags?post=23057"}],"curies":[{"name":"wp","href":"https:\/\/api.w.org\/{rel}","templated":true}]}}