{"id":23070,"date":"2024-06-01T08:23:37","date_gmt":"2024-06-01T11:23:37","guid":{"rendered":"https:\/\/radiostudiow.com.br\/site\/?p=23070"},"modified":"2025-01-31T14:59:18","modified_gmt":"2025-01-31T17:59:18","slug":"pm-atende-uma-ameaca-entre-chacreiro-e-proprietario-de-sitio-em-paula-freitas","status":"publish","type":"post","link":"https:\/\/radiostudiow.com.br\/site\/2024\/06\/01\/pm-atende-uma-ameaca-entre-chacreiro-e-proprietario-de-sitio-em-paula-freitas\/","title":{"rendered":"PM atende uma amea\u00e7a entre chacreiro e propriet\u00e1rio de s\u00edtio em Paula Freitas"},"content":{"rendered":"\n<figure class=\"wp-block-image size-full\"><img loading=\"lazy\" decoding=\"async\" width=\"897\" height=\"204\" src=\"https:\/\/radiostudiow.com.br\/site\/wp-content\/uploads\/2024\/04\/image-15.png\" alt=\"\" class=\"wp-image-21199\" srcset=\"https:\/\/radiostudiow.com.br\/site\/wp-content\/uploads\/2024\/04\/image-15.png 897w, https:\/\/radiostudiow.com.br\/site\/wp-content\/uploads\/2024\/04\/image-15-300x68.png 300w, https:\/\/radiostudiow.com.br\/site\/wp-content\/uploads\/2024\/04\/image-15-768x175.png 768w\" sizes=\"auto, (max-width: 897px) 100vw, 897px\" \/><\/figure>\n\n\n\n<p>A equipe se deslocou at\u00e9 uma resid\u00eancia na localidade da Col\u00f4nia Dona Julia para verificar uma situa\u00e7\u00e3o de amea\u00e7a por volta das 16:30 horas dessa quinta-feira (30).<\/p>\n\n\n\n<p>O solicitante relatou que houve uma discuss\u00e3o com seu chacreiro, o qual estava visivelmente embriagado, e que este lhe amea\u00e7ou.<\/p>\n\n\n\n<figure class=\"wp-block-image size-full\"><img loading=\"lazy\" decoding=\"async\" width=\"590\" height=\"204\" src=\"https:\/\/radiostudiow.com.br\/site\/wp-content\/uploads\/2024\/04\/image-9.png\" alt=\"\" class=\"wp-image-21181\" srcset=\"https:\/\/radiostudiow.com.br\/site\/wp-content\/uploads\/2024\/04\/image-9.png 590w, https:\/\/radiostudiow.com.br\/site\/wp-content\/uploads\/2024\/04\/image-9-300x104.png 300w\" sizes=\"auto, (max-width: 590px) 100vw, 590px\" \/><\/figure>\n\n\n\n<p>Diante da inten\u00e7\u00e3o de representa\u00e7\u00e3o, os envolvidos foram conduzidos at\u00e9 a Pelot\u00e3o da Pol\u00edcia Militar de Paula Freitas para confec\u00e7\u00e3o do termo circunstanciado.<\/p>\n","protected":false},"excerpt":{"rendered":"<p>A equipe se deslocou at\u00e9 uma resid\u00eancia na localidade da Col\u00f4nia Dona Julia para verificar uma situa\u00e7\u00e3o de amea\u00e7a por volta das 16:30 horas dessa quinta-feira (30). O solicitante relatou que houve uma discuss\u00e3o com seu chacreiro, o qual estava visivelmente embriagado, e que este lhe amea\u00e7ou. Diante da inten\u00e7\u00e3o de representa\u00e7\u00e3o, os envolvidos foram [&hellip;]<\/p>\n","protected":false},"author":2,"featured_media":13251,"comment_status":"open","ping_status":"open","sticky":false,"template":"","format":"standard","meta":{"footnotes":""},"categories":[2],"tags":[172],"class_list":["post-23070","post","type-post","status-publish","format-standard","has-post-thumbnail","hentry","category-policial","tag-featured"],"amp_enabled":true,"_links":{"self":[{"href":"https:\/\/radiostudiow.com.br\/site\/wp-json\/wp\/v2\/posts\/23070","targetHints":{"allow":["GET"]}}],"collection":[{"href":"https:\/\/radiostudiow.com.br\/site\/wp-json\/wp\/v2\/posts"}],"about":[{"href":"https:\/\/radiostudiow.com.br\/site\/wp-json\/wp\/v2\/types\/post"}],"author":[{"embeddable":true,"href":"https:\/\/radiostudiow.com.br\/site\/wp-json\/wp\/v2\/users\/2"}],"replies":[{"embeddable":true,"href":"https:\/\/radiostudiow.com.br\/site\/wp-json\/wp\/v2\/comments?post=23070"}],"version-history":[{"count":2,"href":"https:\/\/radiostudiow.com.br\/site\/wp-json\/wp\/v2\/posts\/23070\/revisions"}],"predecessor-version":[{"id":23121,"href":"https:\/\/radiostudiow.com.br\/site\/wp-json\/wp\/v2\/posts\/23070\/revisions\/23121"}],"wp:featuredmedia":[{"embeddable":true,"href":"https:\/\/radiostudiow.com.br\/site\/wp-json\/wp\/v2\/media\/13251"}],"wp:attachment":[{"href":"https:\/\/radiostudiow.com.br\/site\/wp-json\/wp\/v2\/media?parent=23070"}],"wp:term":[{"taxonomy":"category","embeddable":true,"href":"https:\/\/radiostudiow.com.br\/site\/wp-json\/wp\/v2\/categories?post=23070"},{"taxonomy":"post_tag","embeddable":true,"href":"https:\/\/radiostudiow.com.br\/site\/wp-json\/wp\/v2\/tags?post=23070"}],"curies":[{"name":"wp","href":"https:\/\/api.w.org\/{rel}","templated":true}]}}