{"id":23078,"date":"2024-05-31T10:28:05","date_gmt":"2024-05-31T13:28:05","guid":{"rendered":"https:\/\/radiostudiow.com.br\/site\/?p=23078"},"modified":"2025-01-31T14:59:18","modified_gmt":"2025-01-31T17:59:18","slug":"duas-pessoas-ficam-feridas-em-acidente-na-br-153-em-rio-azul","status":"publish","type":"post","link":"https:\/\/radiostudiow.com.br\/site\/2024\/05\/31\/duas-pessoas-ficam-feridas-em-acidente-na-br-153-em-rio-azul\/","title":{"rendered":"Duas pessoas ficaram feridas em acidente na BR-153 em Rio Azul"},"content":{"rendered":"\n<p>Duas pessoas ficaram lesionadas ap\u00f3s um acidente do tipo colis\u00e3o traseira, envolvendo dois autom\u00f3veis no KM 371 da BR 153, em Rio Azul na tarde de quinta-feira (30).<\/p>\n\n\n\n<figure class=\"wp-block-image size-full\"><img loading=\"lazy\" decoding=\"async\" width=\"897\" height=\"204\" src=\"https:\/\/radiostudiow.com.br\/site\/wp-content\/uploads\/2024\/04\/image-50.png\" alt=\"\" class=\"wp-image-21368\" srcset=\"https:\/\/radiostudiow.com.br\/site\/wp-content\/uploads\/2024\/04\/image-50.png 897w, https:\/\/radiostudiow.com.br\/site\/wp-content\/uploads\/2024\/04\/image-50-300x68.png 300w, https:\/\/radiostudiow.com.br\/site\/wp-content\/uploads\/2024\/04\/image-50-768x175.png 768w\" sizes=\"auto, (max-width: 897px) 100vw, 897px\" \/><\/figure>\n\n\n\n<p>Os ve\u00edculos envolvidos foram um Celta de cor preta e emplacamento de Irati-PR e um Ford F250 de cor azul e emplacamento de Rio Azul-PR.<\/p>\n\n\n\n<p>O condutor do ve\u00edculo Celta, um masculino de 63 anos, teve ferimentos leves e a passageira, feminina de 57 anos, teve ferimentos graves. Os dois foram encaminhados ao Hospital Santa Casa de Irati, ap\u00f3s primeiros atendimentos m\u00e9dicos do SAMU.<\/p>\n\n\n\n<figure class=\"wp-block-image size-full\"><img loading=\"lazy\" decoding=\"async\" width=\"900\" height=\"408\" src=\"https:\/\/radiostudiow.com.br\/site\/wp-content\/uploads\/2024\/04\/image-21.png\" alt=\"\" class=\"wp-image-21214\" srcset=\"https:\/\/radiostudiow.com.br\/site\/wp-content\/uploads\/2024\/04\/image-21.png 900w, https:\/\/radiostudiow.com.br\/site\/wp-content\/uploads\/2024\/04\/image-21-300x136.png 300w, https:\/\/radiostudiow.com.br\/site\/wp-content\/uploads\/2024\/04\/image-21-768x348.png 768w\" sizes=\"auto, (max-width: 900px) 100vw, 900px\" \/><\/figure>\n\n\n\n<p>O condutor da caminhonete F250, masculino de 56 anos, permaneceu ileso. Ele realizou o teste do baf\u00f4metro e teve resultado 0,0mg\/L de \u00e1lcool.<\/p>\n\n\n\n<p>O condutor do Celta n\u00e3o realizou o teste pois estava recebendo atendimento m\u00e9dico e posteriormente foi encaminhado ao hospital.<\/p>\n","protected":false},"excerpt":{"rendered":"<p>Duas pessoas ficaram lesionadas ap\u00f3s um acidente do tipo colis\u00e3o traseira, envolvendo dois autom\u00f3veis no KM 371 da BR 153, em Rio Azul na tarde de quinta-feira (30). Os ve\u00edculos envolvidos foram um Celta de cor preta e emplacamento de Irati-PR e um Ford F250 de cor azul e emplacamento de Rio Azul-PR. O condutor [&hellip;]<\/p>\n","protected":false},"author":2,"featured_media":23079,"comment_status":"open","ping_status":"open","sticky":false,"template":"","format":"standard","meta":{"footnotes":""},"categories":[185],"tags":[172],"class_list":["post-23078","post","type-post","status-publish","format-standard","has-post-thumbnail","hentry","category-regional","tag-featured"],"amp_enabled":true,"_links":{"self":[{"href":"https:\/\/radiostudiow.com.br\/site\/wp-json\/wp\/v2\/posts\/23078","targetHints":{"allow":["GET"]}}],"collection":[{"href":"https:\/\/radiostudiow.com.br\/site\/wp-json\/wp\/v2\/posts"}],"about":[{"href":"https:\/\/radiostudiow.com.br\/site\/wp-json\/wp\/v2\/types\/post"}],"author":[{"embeddable":true,"href":"https:\/\/radiostudiow.com.br\/site\/wp-json\/wp\/v2\/users\/2"}],"replies":[{"embeddable":true,"href":"https:\/\/radiostudiow.com.br\/site\/wp-json\/wp\/v2\/comments?post=23078"}],"version-history":[{"count":2,"href":"https:\/\/radiostudiow.com.br\/site\/wp-json\/wp\/v2\/posts\/23078\/revisions"}],"predecessor-version":[{"id":23081,"href":"https:\/\/radiostudiow.com.br\/site\/wp-json\/wp\/v2\/posts\/23078\/revisions\/23081"}],"wp:featuredmedia":[{"embeddable":true,"href":"https:\/\/radiostudiow.com.br\/site\/wp-json\/wp\/v2\/media\/23079"}],"wp:attachment":[{"href":"https:\/\/radiostudiow.com.br\/site\/wp-json\/wp\/v2\/media?parent=23078"}],"wp:term":[{"taxonomy":"category","embeddable":true,"href":"https:\/\/radiostudiow.com.br\/site\/wp-json\/wp\/v2\/categories?post=23078"},{"taxonomy":"post_tag","embeddable":true,"href":"https:\/\/radiostudiow.com.br\/site\/wp-json\/wp\/v2\/tags?post=23078"}],"curies":[{"name":"wp","href":"https:\/\/api.w.org\/{rel}","templated":true}]}}