{"id":23123,"date":"2024-06-01T09:14:43","date_gmt":"2024-06-01T12:14:43","guid":{"rendered":"https:\/\/radiostudiow.com.br\/site\/?p=23123"},"modified":"2025-01-31T14:59:18","modified_gmt":"2025-01-31T17:59:18","slug":"menor-e-apreendido-por-trafico-de-drogas-e-direcao-perigosa-pela-rotam-em-sao-mateus-do-sul","status":"publish","type":"post","link":"https:\/\/radiostudiow.com.br\/site\/2024\/06\/01\/menor-e-apreendido-por-trafico-de-drogas-e-direcao-perigosa-pela-rotam-em-sao-mateus-do-sul\/","title":{"rendered":"Menor \u00e9 apreendido por tr\u00e1fico de drogas e dire\u00e7\u00e3o perigosa pela ROTAM em S\u00e3o Mateus do Sul"},"content":{"rendered":"\n<figure class=\"wp-block-image size-full\"><img loading=\"lazy\" decoding=\"async\" width=\"598\" height=\"204\" src=\"https:\/\/radiostudiow.com.br\/site\/wp-content\/uploads\/2024\/04\/image-29.png\" alt=\"\" class=\"wp-image-21283\" srcset=\"https:\/\/radiostudiow.com.br\/site\/wp-content\/uploads\/2024\/04\/image-29.png 598w, https:\/\/radiostudiow.com.br\/site\/wp-content\/uploads\/2024\/04\/image-29-300x102.png 300w\" sizes=\"auto, (max-width: 598px) 100vw, 598px\" \/><\/figure>\n\n\n\n<p>A equipe da ROTAM estava realizando patrulhamento pelo bairro Bom Jesus, em S\u00e3o Mateus do Sul, quando atendeu uma situa\u00e7\u00e3o de tr\u00e1fico de drogas e dire\u00e7\u00e3o perigosa de ve\u00edculo por volta das 20:41 horas dessa sexta-feira (31).<\/p>\n\n\n\n<p>Os policiais vizualizaram uma motocicleta de cor preta, ao mesmo tempo quando o motociclista percebeu a presen\u00e7a policial, empreendeu fuga. A equipe iniciou acompanhamento t\u00e1tico, de imediato sendo realizado a abordagem.<\/p>\n\n\n\n<figure class=\"wp-block-image size-full\"><img decoding=\"async\" src=\"https:\/\/radiostudiow.com.br\/site\/wp-content\/uploads\/2024\/04\/image-55.png\" alt=\"\" class=\"wp-image-21389\"\/><\/figure>\n\n\n\n<p>Na revista pessoal foi localizado com o condutor, duas buchas de substancia an\u00e1loga a crack.<\/p>\n\n\n\n<p>Em identifica\u00e7\u00e3o, foi constatado que o autor era menor de idade, o qual foi ent\u00e3o encaminhado at\u00e9 ao pronto atendimento e posteriormente at\u00e9 a 3 SDP juntamente com as drogas.<\/p>\n\n\n\n<p>Objetos e a motocicleta para providencias de Pol\u00edcia Judici\u00e1ria.<\/p>\n","protected":false},"excerpt":{"rendered":"<p>A equipe da ROTAM estava realizando patrulhamento pelo bairro Bom Jesus, em S\u00e3o Mateus do Sul, quando atendeu uma situa\u00e7\u00e3o de tr\u00e1fico de drogas e dire\u00e7\u00e3o perigosa de ve\u00edculo por volta das 20:41 horas dessa sexta-feira (31). Os policiais vizualizaram uma motocicleta de cor preta, ao mesmo tempo quando o motociclista percebeu a presen\u00e7a policial, [&hellip;]<\/p>\n","protected":false},"author":2,"featured_media":23125,"comment_status":"open","ping_status":"open","sticky":false,"template":"","format":"standard","meta":{"footnotes":""},"categories":[2],"tags":[172],"class_list":["post-23123","post","type-post","status-publish","format-standard","has-post-thumbnail","hentry","category-policial","tag-featured"],"amp_enabled":true,"_links":{"self":[{"href":"https:\/\/radiostudiow.com.br\/site\/wp-json\/wp\/v2\/posts\/23123","targetHints":{"allow":["GET"]}}],"collection":[{"href":"https:\/\/radiostudiow.com.br\/site\/wp-json\/wp\/v2\/posts"}],"about":[{"href":"https:\/\/radiostudiow.com.br\/site\/wp-json\/wp\/v2\/types\/post"}],"author":[{"embeddable":true,"href":"https:\/\/radiostudiow.com.br\/site\/wp-json\/wp\/v2\/users\/2"}],"replies":[{"embeddable":true,"href":"https:\/\/radiostudiow.com.br\/site\/wp-json\/wp\/v2\/comments?post=23123"}],"version-history":[{"count":3,"href":"https:\/\/radiostudiow.com.br\/site\/wp-json\/wp\/v2\/posts\/23123\/revisions"}],"predecessor-version":[{"id":23127,"href":"https:\/\/radiostudiow.com.br\/site\/wp-json\/wp\/v2\/posts\/23123\/revisions\/23127"}],"wp:featuredmedia":[{"embeddable":true,"href":"https:\/\/radiostudiow.com.br\/site\/wp-json\/wp\/v2\/media\/23125"}],"wp:attachment":[{"href":"https:\/\/radiostudiow.com.br\/site\/wp-json\/wp\/v2\/media?parent=23123"}],"wp:term":[{"taxonomy":"category","embeddable":true,"href":"https:\/\/radiostudiow.com.br\/site\/wp-json\/wp\/v2\/categories?post=23123"},{"taxonomy":"post_tag","embeddable":true,"href":"https:\/\/radiostudiow.com.br\/site\/wp-json\/wp\/v2\/tags?post=23123"}],"curies":[{"name":"wp","href":"https:\/\/api.w.org\/{rel}","templated":true}]}}