{"id":23134,"date":"2024-06-01T11:13:31","date_gmt":"2024-06-01T14:13:31","guid":{"rendered":"https:\/\/radiostudiow.com.br\/site\/?p=23134"},"modified":"2025-01-31T14:59:18","modified_gmt":"2025-01-31T17:59:18","slug":"pm-cumpre-mandado-de-prisao-por-posse-irregular-de-arma-de-fogo-em-sao-mateus-do-sul","status":"publish","type":"post","link":"https:\/\/radiostudiow.com.br\/site\/2024\/06\/01\/pm-cumpre-mandado-de-prisao-por-posse-irregular-de-arma-de-fogo-em-sao-mateus-do-sul\/","title":{"rendered":"PM cumpre mandado de pris\u00e3o por posse irregular de arma de fogo em S\u00e3o Mateus do Sul"},"content":{"rendered":"\n<p>A equipe da Pol\u00edcia Militar S\u00e3o Mateus do Sul realizava patrulhamento pela \u00e1rea central quando avistou um homem, o qual possui um mandado de pris\u00e3o em aberto em seu desfavor na tarde desta sexta-feira (31).<\/p>\n\n\n\n<figure class=\"wp-block-image size-full\"><img loading=\"lazy\" decoding=\"async\" width=\"300\" height=\"180\" src=\"https:\/\/radiostudiow.com.br\/site\/wp-content\/uploads\/2024\/04\/SITE-PEQUENO.png\" alt=\"\" class=\"wp-image-21712\"\/><\/figure>\n\n\n\n<p><a href=\"https:\/\/www.sympla.com.br\/produtor\/thebigcircus\" target=\"_blank\" rel=\"noreferrer noopener\"><\/a>Ao ser abordado, o homem foi identificado e constatado que possu\u00eda um mandado de pris\u00e3o por posse irregular de arma de fogo.<\/p>\n\n\n\n<p>Diante dos fatos, ele foi conduzido e entregue no Departamento Prisional de S\u00e3o Mateus do Sul para provid\u00eancias.<\/p>\n","protected":false},"excerpt":{"rendered":"<p>A equipe da Pol\u00edcia Militar S\u00e3o Mateus do Sul realizava patrulhamento pela \u00e1rea central quando avistou um homem, o qual possui um mandado de pris\u00e3o em aberto em seu desfavor na tarde desta sexta-feira (31). Ao ser abordado, o homem foi identificado e constatado que possu\u00eda um mandado de pris\u00e3o por posse irregular de arma [&hellip;]<\/p>\n","protected":false},"author":2,"featured_media":18052,"comment_status":"open","ping_status":"open","sticky":false,"template":"","format":"standard","meta":{"footnotes":""},"categories":[2],"tags":[172],"class_list":["post-23134","post","type-post","status-publish","format-standard","has-post-thumbnail","hentry","category-policial","tag-featured"],"amp_enabled":true,"_links":{"self":[{"href":"https:\/\/radiostudiow.com.br\/site\/wp-json\/wp\/v2\/posts\/23134","targetHints":{"allow":["GET"]}}],"collection":[{"href":"https:\/\/radiostudiow.com.br\/site\/wp-json\/wp\/v2\/posts"}],"about":[{"href":"https:\/\/radiostudiow.com.br\/site\/wp-json\/wp\/v2\/types\/post"}],"author":[{"embeddable":true,"href":"https:\/\/radiostudiow.com.br\/site\/wp-json\/wp\/v2\/users\/2"}],"replies":[{"embeddable":true,"href":"https:\/\/radiostudiow.com.br\/site\/wp-json\/wp\/v2\/comments?post=23134"}],"version-history":[{"count":1,"href":"https:\/\/radiostudiow.com.br\/site\/wp-json\/wp\/v2\/posts\/23134\/revisions"}],"predecessor-version":[{"id":23135,"href":"https:\/\/radiostudiow.com.br\/site\/wp-json\/wp\/v2\/posts\/23134\/revisions\/23135"}],"wp:featuredmedia":[{"embeddable":true,"href":"https:\/\/radiostudiow.com.br\/site\/wp-json\/wp\/v2\/media\/18052"}],"wp:attachment":[{"href":"https:\/\/radiostudiow.com.br\/site\/wp-json\/wp\/v2\/media?parent=23134"}],"wp:term":[{"taxonomy":"category","embeddable":true,"href":"https:\/\/radiostudiow.com.br\/site\/wp-json\/wp\/v2\/categories?post=23134"},{"taxonomy":"post_tag","embeddable":true,"href":"https:\/\/radiostudiow.com.br\/site\/wp-json\/wp\/v2\/tags?post=23134"}],"curies":[{"name":"wp","href":"https:\/\/api.w.org\/{rel}","templated":true}]}}