{"id":23141,"date":"2024-06-01T11:35:46","date_gmt":"2024-06-01T14:35:46","guid":{"rendered":"https:\/\/radiostudiow.com.br\/site\/?p=23141"},"modified":"2025-01-31T14:59:18","modified_gmt":"2025-01-31T17:59:18","slug":"mulher-procura-policia-apos-ter-sido-vitima-de-violencia-domestica-em-general-carneiro","status":"publish","type":"post","link":"https:\/\/radiostudiow.com.br\/site\/2024\/06\/01\/mulher-procura-policia-apos-ter-sido-vitima-de-violencia-domestica-em-general-carneiro\/","title":{"rendered":"Mulher procura pol\u00edcia ap\u00f3s ter sido v\u00edtima de viol\u00eancia dom\u00e9stica em General Carneiro"},"content":{"rendered":"\n<p>Uma mulher que n\u00e3o teve o nome divulgado, procurou a Pol\u00edcia Militar da cidade de General Carneiro para registrar um boletim de ocorr\u00eancia em desfavor do seu convivente, o qual veio a lhe agredir.<\/p>\n\n\n\n<figure class=\"wp-block-image size-full\"><img decoding=\"async\" src=\"https:\/\/radiostudiow.com.br\/site\/wp-content\/uploads\/2024\/04\/image-55.png\" alt=\"\" class=\"wp-image-21389\"\/><\/figure>\n\n\n\n<p>A v\u00edtima j\u00e1 possu\u00eda uma medida protetiva contra o homem, a qual retirou em raz\u00e3o de ambos terem retornado a rela\u00e7\u00e3o. A situa\u00e7\u00e3o foi registrada durante essa quinta-feira, 30 de maio, no bairro S\u00e3o Jo\u00e3o.<\/p>\n\n\n\n<p>A mulher foi at\u00e9 o Destacamento Policial e ao registrar o caso, recebeu novas orienta\u00e7\u00f5es quanto aos procedimentos cab\u00edveis a serem adotadas.<\/p>\n\n\n\n<p><a href=\"javascript:void(0);\"><\/a><\/p>\n","protected":false},"excerpt":{"rendered":"<p>Uma mulher que n\u00e3o teve o nome divulgado, procurou a Pol\u00edcia Militar da cidade de General Carneiro para registrar um boletim de ocorr\u00eancia em desfavor do seu convivente, o qual veio a lhe agredir. A v\u00edtima j\u00e1 possu\u00eda uma medida protetiva contra o homem, a qual retirou em raz\u00e3o de ambos terem retornado a rela\u00e7\u00e3o. [&hellip;]<\/p>\n","protected":false},"author":2,"featured_media":13773,"comment_status":"open","ping_status":"open","sticky":false,"template":"","format":"standard","meta":{"footnotes":""},"categories":[2],"tags":[172],"class_list":["post-23141","post","type-post","status-publish","format-standard","has-post-thumbnail","hentry","category-policial","tag-featured"],"amp_enabled":true,"_links":{"self":[{"href":"https:\/\/radiostudiow.com.br\/site\/wp-json\/wp\/v2\/posts\/23141","targetHints":{"allow":["GET"]}}],"collection":[{"href":"https:\/\/radiostudiow.com.br\/site\/wp-json\/wp\/v2\/posts"}],"about":[{"href":"https:\/\/radiostudiow.com.br\/site\/wp-json\/wp\/v2\/types\/post"}],"author":[{"embeddable":true,"href":"https:\/\/radiostudiow.com.br\/site\/wp-json\/wp\/v2\/users\/2"}],"replies":[{"embeddable":true,"href":"https:\/\/radiostudiow.com.br\/site\/wp-json\/wp\/v2\/comments?post=23141"}],"version-history":[{"count":2,"href":"https:\/\/radiostudiow.com.br\/site\/wp-json\/wp\/v2\/posts\/23141\/revisions"}],"predecessor-version":[{"id":23146,"href":"https:\/\/radiostudiow.com.br\/site\/wp-json\/wp\/v2\/posts\/23141\/revisions\/23146"}],"wp:featuredmedia":[{"embeddable":true,"href":"https:\/\/radiostudiow.com.br\/site\/wp-json\/wp\/v2\/media\/13773"}],"wp:attachment":[{"href":"https:\/\/radiostudiow.com.br\/site\/wp-json\/wp\/v2\/media?parent=23141"}],"wp:term":[{"taxonomy":"category","embeddable":true,"href":"https:\/\/radiostudiow.com.br\/site\/wp-json\/wp\/v2\/categories?post=23141"},{"taxonomy":"post_tag","embeddable":true,"href":"https:\/\/radiostudiow.com.br\/site\/wp-json\/wp\/v2\/tags?post=23141"}],"curies":[{"name":"wp","href":"https:\/\/api.w.org\/{rel}","templated":true}]}}