{"id":23143,"date":"2024-06-01T11:56:32","date_gmt":"2024-06-01T14:56:32","guid":{"rendered":"https:\/\/radiostudiow.com.br\/site\/?p=23143"},"modified":"2025-01-31T14:59:18","modified_gmt":"2025-01-31T17:59:18","slug":"homem-com-tres-mandados-de-prisao-invade-predio-em-uniao-da-vitoria","status":"publish","type":"post","link":"https:\/\/radiostudiow.com.br\/site\/2024\/06\/01\/homem-com-tres-mandados-de-prisao-invade-predio-em-uniao-da-vitoria\/","title":{"rendered":"Homem com tr\u00eas mandados de pris\u00e3o invade pr\u00e9dio em Uni\u00e3o da Vit\u00f3ria"},"content":{"rendered":"\n<figure class=\"wp-block-image size-full\"><img decoding=\"async\" src=\"https:\/\/radiostudiow.com.br\/site\/wp-content\/uploads\/2024\/04\/SITE-MEDIO.png\" alt=\"\" class=\"wp-image-21854\"\/><\/figure>\n\n\n\n<p>A Pol\u00edcia Militar do 27\u00ba Batalh\u00e3o foi acionada por volta das 11:10 horas dessa quinta-feira, 30 de maio, para verificar uma situa\u00e7\u00e3o de invas\u00e3o a domicilio na \u00e1rea central da cidade.<\/p>\n\n\n\n<p>Segundo informa\u00e7\u00f5es, um homem veio a invadir um pr\u00e9dio residencial, sendo a situa\u00e7\u00e3o denunciada.<\/p>\n\n\n\n<p>No local, a Pol\u00edcia realizou buscas e encontrou o suspeito, o qual ap\u00f3s consulta foi verificado que tinha tr\u00eas mandados de pris\u00e3o em aberto.<\/p>\n\n\n\n<figure class=\"wp-block-image size-full\"><img loading=\"lazy\" decoding=\"async\" width=\"590\" height=\"204\" src=\"https:\/\/radiostudiow.com.br\/site\/wp-content\/uploads\/2024\/04\/image-27.png\" alt=\"\" class=\"wp-image-21280\" srcset=\"https:\/\/radiostudiow.com.br\/site\/wp-content\/uploads\/2024\/04\/image-27.png 590w, https:\/\/radiostudiow.com.br\/site\/wp-content\/uploads\/2024\/04\/image-27-300x104.png 300w\" sizes=\"auto, (max-width: 590px) 100vw, 590px\" \/><\/figure>\n\n\n\n<p>Diante dos fatos, o homem recebeu voz de pris\u00e3o e foi conduzido pela Pol\u00edcia at\u00e9 a Unidade Prisional de Porto Uni\u00e3o onde est\u00e1 \u00e0 disposi\u00e7\u00e3o da justi\u00e7a.<\/p>\n\n\n\n<p><a href=\"javascript:void(0);\"><\/a><\/p>\n","protected":false},"excerpt":{"rendered":"<p>A Pol\u00edcia Militar do 27\u00ba Batalh\u00e3o foi acionada por volta das 11:10 horas dessa quinta-feira, 30 de maio, para verificar uma situa\u00e7\u00e3o de invas\u00e3o a domicilio na \u00e1rea central da cidade. Segundo informa\u00e7\u00f5es, um homem veio a invadir um pr\u00e9dio residencial, sendo a situa\u00e7\u00e3o denunciada. No local, a Pol\u00edcia realizou buscas e encontrou o suspeito, [&hellip;]<\/p>\n","protected":false},"author":2,"featured_media":0,"comment_status":"open","ping_status":"open","sticky":false,"template":"","format":"standard","meta":{"footnotes":""},"categories":[2],"tags":[172],"class_list":["post-23143","post","type-post","status-publish","format-standard","hentry","category-policial","tag-featured"],"amp_enabled":true,"_links":{"self":[{"href":"https:\/\/radiostudiow.com.br\/site\/wp-json\/wp\/v2\/posts\/23143","targetHints":{"allow":["GET"]}}],"collection":[{"href":"https:\/\/radiostudiow.com.br\/site\/wp-json\/wp\/v2\/posts"}],"about":[{"href":"https:\/\/radiostudiow.com.br\/site\/wp-json\/wp\/v2\/types\/post"}],"author":[{"embeddable":true,"href":"https:\/\/radiostudiow.com.br\/site\/wp-json\/wp\/v2\/users\/2"}],"replies":[{"embeddable":true,"href":"https:\/\/radiostudiow.com.br\/site\/wp-json\/wp\/v2\/comments?post=23143"}],"version-history":[{"count":2,"href":"https:\/\/radiostudiow.com.br\/site\/wp-json\/wp\/v2\/posts\/23143\/revisions"}],"predecessor-version":[{"id":23147,"href":"https:\/\/radiostudiow.com.br\/site\/wp-json\/wp\/v2\/posts\/23143\/revisions\/23147"}],"wp:attachment":[{"href":"https:\/\/radiostudiow.com.br\/site\/wp-json\/wp\/v2\/media?parent=23143"}],"wp:term":[{"taxonomy":"category","embeddable":true,"href":"https:\/\/radiostudiow.com.br\/site\/wp-json\/wp\/v2\/categories?post=23143"},{"taxonomy":"post_tag","embeddable":true,"href":"https:\/\/radiostudiow.com.br\/site\/wp-json\/wp\/v2\/tags?post=23143"}],"curies":[{"name":"wp","href":"https:\/\/api.w.org\/{rel}","templated":true}]}}