{"id":23149,"date":"2024-06-03T09:47:02","date_gmt":"2024-06-03T12:47:02","guid":{"rendered":"https:\/\/radiostudiow.com.br\/site\/?p=23149"},"modified":"2025-01-31T14:59:18","modified_gmt":"2025-01-31T17:59:18","slug":"homem-e-encontrado-morto-com-sinais-de-agressao-em-uniao-da-vitoria","status":"publish","type":"post","link":"https:\/\/radiostudiow.com.br\/site\/2024\/06\/03\/homem-e-encontrado-morto-com-sinais-de-agressao-em-uniao-da-vitoria\/","title":{"rendered":"Homem \u00e9 encontrado morto com sinais de agress\u00e3o em Uni\u00e3o da Vit\u00f3ria"},"content":{"rendered":"\n<p>Um homem foi encontrado morto em uma casa no bairro Panorama, no Distrito de S\u00e3o Crist\u00f3v\u00e3o em Uni\u00e3o da Vit\u00f3ria por volta das 02:25 horas deste domingo (02).<\/p>\n\n\n\n<figure class=\"wp-block-image size-large\"><img decoding=\"async\" src=\"https:\/\/radiostudiow.com.br\/site\/wp-content\/uploads\/2024\/04\/PP-thumb-banner-miniatura1920x1080-1024x576.jpg\" alt=\"\" class=\"wp-image-22019\"\/><\/figure>\n\n\n\n<p>O homem estava ca\u00eddo entre a cama e o ch\u00e3o de uma casa. O corpo apresentava sinais de les\u00f5es na cabe\u00e7a, gerando suspeita para um poss\u00edvel crime.<\/p>\n\n\n\n<p>Diante dos fatos, o Instituto M\u00e9dico Legal \u2013 IML foi acionado para recolher o corpo e a Pol\u00edcia Civil e Cient\u00edfica foram acionadas para apurar o caso e investigar as causas da morte.<\/p>\n","protected":false},"excerpt":{"rendered":"<p>Um homem foi encontrado morto em uma casa no bairro Panorama, no Distrito de S\u00e3o Crist\u00f3v\u00e3o em Uni\u00e3o da Vit\u00f3ria por volta das 02:25 horas deste domingo (02). O homem estava ca\u00eddo entre a cama e o ch\u00e3o de uma casa. O corpo apresentava sinais de les\u00f5es na cabe\u00e7a, gerando suspeita para um poss\u00edvel crime. [&hellip;]<\/p>\n","protected":false},"author":2,"featured_media":19964,"comment_status":"open","ping_status":"open","sticky":false,"template":"","format":"standard","meta":{"footnotes":""},"categories":[2],"tags":[172],"class_list":["post-23149","post","type-post","status-publish","format-standard","has-post-thumbnail","hentry","category-policial","tag-featured"],"amp_enabled":true,"_links":{"self":[{"href":"https:\/\/radiostudiow.com.br\/site\/wp-json\/wp\/v2\/posts\/23149","targetHints":{"allow":["GET"]}}],"collection":[{"href":"https:\/\/radiostudiow.com.br\/site\/wp-json\/wp\/v2\/posts"}],"about":[{"href":"https:\/\/radiostudiow.com.br\/site\/wp-json\/wp\/v2\/types\/post"}],"author":[{"embeddable":true,"href":"https:\/\/radiostudiow.com.br\/site\/wp-json\/wp\/v2\/users\/2"}],"replies":[{"embeddable":true,"href":"https:\/\/radiostudiow.com.br\/site\/wp-json\/wp\/v2\/comments?post=23149"}],"version-history":[{"count":2,"href":"https:\/\/radiostudiow.com.br\/site\/wp-json\/wp\/v2\/posts\/23149\/revisions"}],"predecessor-version":[{"id":23157,"href":"https:\/\/radiostudiow.com.br\/site\/wp-json\/wp\/v2\/posts\/23149\/revisions\/23157"}],"wp:featuredmedia":[{"embeddable":true,"href":"https:\/\/radiostudiow.com.br\/site\/wp-json\/wp\/v2\/media\/19964"}],"wp:attachment":[{"href":"https:\/\/radiostudiow.com.br\/site\/wp-json\/wp\/v2\/media?parent=23149"}],"wp:term":[{"taxonomy":"category","embeddable":true,"href":"https:\/\/radiostudiow.com.br\/site\/wp-json\/wp\/v2\/categories?post=23149"},{"taxonomy":"post_tag","embeddable":true,"href":"https:\/\/radiostudiow.com.br\/site\/wp-json\/wp\/v2\/tags?post=23149"}],"curies":[{"name":"wp","href":"https:\/\/api.w.org\/{rel}","templated":true}]}}