{"id":23153,"date":"2024-06-03T09:57:44","date_gmt":"2024-06-03T12:57:44","guid":{"rendered":"https:\/\/radiostudiow.com.br\/site\/?p=23153"},"modified":"2025-01-31T14:59:17","modified_gmt":"2025-01-31T17:59:17","slug":"justica-suspende-greve-dos-professores-da-rede-estadual","status":"publish","type":"post","link":"https:\/\/radiostudiow.com.br\/site\/2024\/06\/03\/justica-suspende-greve-dos-professores-da-rede-estadual\/","title":{"rendered":"Justi\u00e7a suspende greve dos professores da rede estadual"},"content":{"rendered":"\n<p>O\u00a0<a href=\"https:\/\/www.aen.pr.gov.br\/sites\/default\/arquivos_restritos\/files\/documento\/2024-06\/decisao_greve_0.pdf\" target=\"_blank\" rel=\"noreferrer noopener\">Tribunal de Justi\u00e7a do Paran\u00e1 suspendeu a greve dos professores<\/a>\u00a0marcada para come\u00e7ar na segunda-feira, 3. A desembargadora Dilmari Helena Kessler disse que o sindicato est\u00e1 impedido de realizar qualquer movimento grevista at\u00e9 que apresente um plano de manuten\u00e7\u00e3o das atividades educacionais,\u00a0 sob multa di\u00e1ria de R$ 10 mil em caso de descumprimento.<\/p>\n\n\n\n<figure class=\"wp-block-image size-full\"><img loading=\"lazy\" decoding=\"async\" width=\"897\" height=\"204\" src=\"https:\/\/radiostudiow.com.br\/site\/wp-content\/uploads\/2024\/04\/image-37.png\" alt=\"\" class=\"wp-image-21305\" srcset=\"https:\/\/radiostudiow.com.br\/site\/wp-content\/uploads\/2024\/04\/image-37.png 897w, https:\/\/radiostudiow.com.br\/site\/wp-content\/uploads\/2024\/04\/image-37-300x68.png 300w, https:\/\/radiostudiow.com.br\/site\/wp-content\/uploads\/2024\/04\/image-37-768x175.png 768w\" sizes=\"auto, (max-width: 897px) 100vw, 897px\" \/><\/figure>\n\n\n\n<p><strong>A a\u00e7\u00e3o C\u00edvel pedindo a suspens\u00e3o do movimento foi ajuizada pela Procuradoria do Estado do Paran\u00e1.<\/strong>\u00a0<em>\u201cEssa decis\u00e3o reflete a ilegalidade da greve e que o Estado do Paran\u00e1 vai continuar entregando a melhor educa\u00e7\u00e3o deste pa\u00eds\u201d, afirma do procurador-geral do estado, Luciano Borges.<\/em><\/p>\n\n\n\n<p>Com a decis\u00e3o da Justi\u00e7a, segue valendo a orienta\u00e7\u00e3o da Secretaria de Educa\u00e7\u00e3o do Paran\u00e1 (Seed-PR) para que os pais enviem seus filhos normalmente para a escola na segunda-feira, 3.<\/p>\n\n\n\n<p>Eventuais faltas de professores e funcion\u00e1rios da Educa\u00e7\u00e3o ter\u00e3o desconto em folha de pagamento. Os diretores devem garantir o funcionamento das escolas e a entrada de estudantes, servidores e terceirizados.<\/p>\n\n\n\n<figure class=\"wp-block-image size-full\"><img loading=\"lazy\" decoding=\"async\" width=\"300\" height=\"180\" src=\"https:\/\/radiostudiow.com.br\/site\/wp-content\/uploads\/2024\/04\/SITE-PEQUENO.png\" alt=\"\" class=\"wp-image-21712\"\/><\/figure>\n\n\n\n<p>MOTIVO \u2013 O motivo alegado pela APP Sindicato para o movimento grevista \u00e9 o programa Parceiro da Escola. Inspirado em modelos educacionais internacionais adotados em pa\u00edses como Estados Unidos, Inglaterra, Espanha e Coreia do Sul, o programa prev\u00ea uma parceria para permitir que os gestores se dediquem apenas \u00e0s atividades pedag\u00f3gicas para promover um aprendizado ainda maior dos estudantes da rede.<\/p>\n\n\n\n<p>O projeto de lei que est\u00e1 em an\u00e1lise na Assembleia Legislativa tamb\u00e9m prop\u00f5e um modelo democr\u00e1tico com consulta de pais, estudantes, professores e diretores antes da efetiva\u00e7\u00e3o.<\/p>\n\n\n\n<p>O programa n\u00e3o atinge escolas ind\u00edgenas, aquelas em comunidades quilombolas e em ilhas ou as c\u00edvico-militares. Segundo as regras, o parceiro contratado dever\u00e1 utilizar os Sistemas Estaduais de Registro Escolar, ficando a cargo da Secretaria de Estado da Educa\u00e7\u00e3o a expedi\u00e7\u00e3o de normativas para o uso.<\/p>\n\n\n\n<figure class=\"wp-block-image size-full\"><img decoding=\"async\" src=\"https:\/\/radiostudiow.com.br\/site\/wp-content\/uploads\/2024\/04\/image-42.png\" alt=\"\" class=\"wp-image-21334\"\/><\/figure>\n\n\n\n<p>O parceiro contratado tamb\u00e9m poder\u00e1 utilizar as plataformas digitais disponibilizadas pela Seed para aplica\u00e7\u00e3o de seu plano de trabalho.<\/p>\n\n\n\n<p>Atualmente, o modelo est\u00e1 sendo implementado em duas escolas-piloto da rede estadual de ensino, no Col\u00e9gio Estadual An\u00edbal Khury, em Curitiba, e no Col\u00e9gio Estadual Anita Canet, em S\u00e3o Jos\u00e9 dos Pinhais, na Regi\u00e3o Metropolitana de Curitiba (RMC).<\/p>\n\n\n\n<p>Uma pesquisa realizada com pais e respons\u00e1veis de alunos matriculados nas duas escolas participantes do projeto-piloto mostra que mais de 90% deles aprovam o programa. Os benef\u00edcios v\u00e3o do aumento da frequ\u00eancia escolar \u00e0 inexist\u00eancia de aulas vagas.<br><a href=\"https:\/\/www.aen.pr.gov.br\/sites\/default\/arquivos_restritos\/files\/documento\/2024-06\/decisao_greve_0.pdf\" target=\"_blank\" rel=\"noreferrer noopener\">DECIS\u00c3O JUDICIAL<\/a><\/p>\n","protected":false},"excerpt":{"rendered":"<p>O\u00a0Tribunal de Justi\u00e7a do Paran\u00e1 suspendeu a greve dos professores\u00a0marcada para come\u00e7ar na segunda-feira, 3. A desembargadora Dilmari Helena Kessler disse que o sindicato est\u00e1 impedido de realizar qualquer movimento grevista at\u00e9 que apresente um plano de manuten\u00e7\u00e3o das atividades educacionais,\u00a0 sob multa di\u00e1ria de R$ 10 mil em caso de descumprimento. A a\u00e7\u00e3o C\u00edvel [&hellip;]<\/p>\n","protected":false},"author":2,"featured_media":23159,"comment_status":"open","ping_status":"open","sticky":false,"template":"","format":"standard","meta":{"footnotes":""},"categories":[7],"tags":[172],"class_list":["post-23153","post","type-post","status-publish","format-standard","has-post-thumbnail","hentry","category-geral","tag-featured"],"amp_enabled":true,"_links":{"self":[{"href":"https:\/\/radiostudiow.com.br\/site\/wp-json\/wp\/v2\/posts\/23153","targetHints":{"allow":["GET"]}}],"collection":[{"href":"https:\/\/radiostudiow.com.br\/site\/wp-json\/wp\/v2\/posts"}],"about":[{"href":"https:\/\/radiostudiow.com.br\/site\/wp-json\/wp\/v2\/types\/post"}],"author":[{"embeddable":true,"href":"https:\/\/radiostudiow.com.br\/site\/wp-json\/wp\/v2\/users\/2"}],"replies":[{"embeddable":true,"href":"https:\/\/radiostudiow.com.br\/site\/wp-json\/wp\/v2\/comments?post=23153"}],"version-history":[{"count":2,"href":"https:\/\/radiostudiow.com.br\/site\/wp-json\/wp\/v2\/posts\/23153\/revisions"}],"predecessor-version":[{"id":23160,"href":"https:\/\/radiostudiow.com.br\/site\/wp-json\/wp\/v2\/posts\/23153\/revisions\/23160"}],"wp:featuredmedia":[{"embeddable":true,"href":"https:\/\/radiostudiow.com.br\/site\/wp-json\/wp\/v2\/media\/23159"}],"wp:attachment":[{"href":"https:\/\/radiostudiow.com.br\/site\/wp-json\/wp\/v2\/media?parent=23153"}],"wp:term":[{"taxonomy":"category","embeddable":true,"href":"https:\/\/radiostudiow.com.br\/site\/wp-json\/wp\/v2\/categories?post=23153"},{"taxonomy":"post_tag","embeddable":true,"href":"https:\/\/radiostudiow.com.br\/site\/wp-json\/wp\/v2\/tags?post=23153"}],"curies":[{"name":"wp","href":"https:\/\/api.w.org\/{rel}","templated":true}]}}