{"id":23155,"date":"2024-06-03T10:14:19","date_gmt":"2024-06-03T13:14:19","guid":{"rendered":"https:\/\/radiostudiow.com.br\/site\/?p=23155"},"modified":"2025-01-31T14:59:17","modified_gmt":"2025-01-31T17:59:17","slug":"em-uniao-da-vitoria-motorista-atropela-duas-pessoas-capota-carro-e-foge-do-local-do-acidente","status":"publish","type":"post","link":"https:\/\/radiostudiow.com.br\/site\/2024\/06\/03\/em-uniao-da-vitoria-motorista-atropela-duas-pessoas-capota-carro-e-foge-do-local-do-acidente\/","title":{"rendered":"Em Uni\u00e3o da Vit\u00f3ria, motorista atropela duas pessoas, capota carro e foge do local do acidente"},"content":{"rendered":"\n<p>A equipe da Pol\u00edcia Militar de Uni\u00e3o da Vit\u00f3ria foi acionada para comparecer em acidente de tr\u00e2nsito no bairro Cidade Jardim onde um ve\u00edculo Fiat Siena, de cor prata, capotou na lateral da via ap\u00f3s atropelar duas pessoas que transitavam pelo local por volta das 19:15 horas desse domingo (02).<\/p>\n\n\n\n<figure class=\"wp-block-image size-full\"><img loading=\"lazy\" decoding=\"async\" width=\"897\" height=\"204\" src=\"https:\/\/radiostudiow.com.br\/site\/wp-content\/uploads\/2024\/04\/image-51.png\" alt=\"\" class=\"wp-image-21370\" srcset=\"https:\/\/radiostudiow.com.br\/site\/wp-content\/uploads\/2024\/04\/image-51.png 897w, https:\/\/radiostudiow.com.br\/site\/wp-content\/uploads\/2024\/04\/image-51-300x68.png 300w, https:\/\/radiostudiow.com.br\/site\/wp-content\/uploads\/2024\/04\/image-51-768x175.png 768w\" sizes=\"auto, (max-width: 897px) 100vw, 897px\" \/><\/figure>\n\n\n\n<p>Segundo populares, o autom\u00f3vel estaria trafegando em alta velocidade quando colidiu com as duas transeuntes, que foram encaminhadas para uma unidade hospitalar para receberem atendimento m\u00e9dico.<\/p>\n\n\n\n<p>Ap\u00f3s o acidente, o motorista do ve\u00edculo abandonou a cena. Com base nas descri\u00e7\u00f5es fornecidas pelas v\u00edtimas, a equipe policial iniciou as buscas e localizou um indiv\u00edduo cujas caracter\u00edsticas coincidiam com as informa\u00e7\u00f5es obtidas. Segundo Boletim da PM, ao receber a ordem de abordagem, o suspeito tentou fugir novamente, mas foi detido pela pol\u00edcia.<\/p>\n\n\n\n<figure class=\"wp-block-image size-full\"><img loading=\"lazy\" decoding=\"async\" width=\"1024\" height=\"387\" src=\"https:\/\/radiostudiow.com.br\/site\/wp-content\/uploads\/2024\/04\/image-17.png\" alt=\"\" class=\"wp-image-21206\" srcset=\"https:\/\/radiostudiow.com.br\/site\/wp-content\/uploads\/2024\/04\/image-17.png 1024w, https:\/\/radiostudiow.com.br\/site\/wp-content\/uploads\/2024\/04\/image-17-300x113.png 300w, https:\/\/radiostudiow.com.br\/site\/wp-content\/uploads\/2024\/04\/image-17-768x290.png 768w\" sizes=\"auto, (max-width: 1024px) 100vw, 1024px\" \/><\/figure>\n\n\n\n<p>O homem foi identificado como o propriet\u00e1rio do Fiat Siena e poss\u00edvel respons\u00e1vel pelo atropelamento. Ele recebeu voz de pris\u00e3o e foi levado para a Unidade de Pronto Atendimento (UPA) para avalia\u00e7\u00e3o m\u00e9dica. Em seguida, foi encaminhado para a 4\u00aa SDP para os procedimentos legais.<\/p>\n","protected":false},"excerpt":{"rendered":"<p>A equipe da Pol\u00edcia Militar de Uni\u00e3o da Vit\u00f3ria foi acionada para comparecer em acidente de tr\u00e2nsito no bairro Cidade Jardim onde um ve\u00edculo Fiat Siena, de cor prata, capotou na lateral da via ap\u00f3s atropelar duas pessoas que transitavam pelo local por volta das 19:15 horas desse domingo (02). Segundo populares, o autom\u00f3vel estaria [&hellip;]<\/p>\n","protected":false},"author":2,"featured_media":15416,"comment_status":"open","ping_status":"open","sticky":false,"template":"","format":"standard","meta":{"footnotes":""},"categories":[2],"tags":[172],"class_list":["post-23155","post","type-post","status-publish","format-standard","has-post-thumbnail","hentry","category-policial","tag-featured"],"amp_enabled":true,"_links":{"self":[{"href":"https:\/\/radiostudiow.com.br\/site\/wp-json\/wp\/v2\/posts\/23155","targetHints":{"allow":["GET"]}}],"collection":[{"href":"https:\/\/radiostudiow.com.br\/site\/wp-json\/wp\/v2\/posts"}],"about":[{"href":"https:\/\/radiostudiow.com.br\/site\/wp-json\/wp\/v2\/types\/post"}],"author":[{"embeddable":true,"href":"https:\/\/radiostudiow.com.br\/site\/wp-json\/wp\/v2\/users\/2"}],"replies":[{"embeddable":true,"href":"https:\/\/radiostudiow.com.br\/site\/wp-json\/wp\/v2\/comments?post=23155"}],"version-history":[{"count":2,"href":"https:\/\/radiostudiow.com.br\/site\/wp-json\/wp\/v2\/posts\/23155\/revisions"}],"predecessor-version":[{"id":23161,"href":"https:\/\/radiostudiow.com.br\/site\/wp-json\/wp\/v2\/posts\/23155\/revisions\/23161"}],"wp:featuredmedia":[{"embeddable":true,"href":"https:\/\/radiostudiow.com.br\/site\/wp-json\/wp\/v2\/media\/15416"}],"wp:attachment":[{"href":"https:\/\/radiostudiow.com.br\/site\/wp-json\/wp\/v2\/media?parent=23155"}],"wp:term":[{"taxonomy":"category","embeddable":true,"href":"https:\/\/radiostudiow.com.br\/site\/wp-json\/wp\/v2\/categories?post=23155"},{"taxonomy":"post_tag","embeddable":true,"href":"https:\/\/radiostudiow.com.br\/site\/wp-json\/wp\/v2\/tags?post=23155"}],"curies":[{"name":"wp","href":"https:\/\/api.w.org\/{rel}","templated":true}]}}