{"id":23176,"date":"2024-06-03T11:41:15","date_gmt":"2024-06-03T14:41:15","guid":{"rendered":"https:\/\/radiostudiow.com.br\/site\/?p=23176"},"modified":"2025-01-31T14:59:17","modified_gmt":"2025-01-31T17:59:17","slug":"pm-apreende-condutor-por-alta-velocidade-e-cnh-vencida-em-paulo-frontin","status":"publish","type":"post","link":"https:\/\/radiostudiow.com.br\/site\/2024\/06\/03\/pm-apreende-condutor-por-alta-velocidade-e-cnh-vencida-em-paulo-frontin\/","title":{"rendered":"PM aborda condutor por alta velocidade e CNH vencida em Paulo Frontin"},"content":{"rendered":"\n<figure class=\"wp-block-image size-full\"><img decoding=\"async\" src=\"https:\/\/radiostudiow.com.br\/site\/wp-content\/uploads\/2024\/04\/SITE-MEDIO.png\" alt=\"\" class=\"wp-image-21854\"\/><\/figure>\n\n\n\n<p>A equipe da Pol\u00edcia Militar de Paulo Frontin estava em patrulhamento quando avistou um ve\u00edculo VW\/GOL, cor cinza, em alta velocidade pela \u00e1rea central do munic\u00edpio por volta das 21:20 horas desse domingo (02).<br>A equipe realizou a abordagem e identificou o condutor, sendo contatado ao realizado consulta no sistema, que a habilita\u00e7\u00e3o do condutor estava vencida h\u00e1 mais de 30 dias. O autor se recusou a ser submetido ao teste etil\u00f4metro.<\/p>\n\n\n\n<figure class=\"wp-block-image size-full\"><img loading=\"lazy\" decoding=\"async\" width=\"900\" height=\"408\" src=\"https:\/\/radiostudiow.com.br\/site\/wp-content\/uploads\/2024\/04\/image-21.png\" alt=\"\" class=\"wp-image-21214\" srcset=\"https:\/\/radiostudiow.com.br\/site\/wp-content\/uploads\/2024\/04\/image-21.png 900w, https:\/\/radiostudiow.com.br\/site\/wp-content\/uploads\/2024\/04\/image-21-300x136.png 300w, https:\/\/radiostudiow.com.br\/site\/wp-content\/uploads\/2024\/04\/image-21-768x348.png 768w\" sizes=\"auto, (max-width: 900px) 100vw, 900px\" \/><\/figure>\n\n\n\n<p>A equipe policial confeccionou notifica\u00e7\u00f5es pertinentes. O ve\u00edculo que estava sem pend\u00eancias foi liberado para um condutor habilitado.<\/p>\n","protected":false},"excerpt":{"rendered":"<p>A equipe da Pol\u00edcia Militar de Paulo Frontin estava em patrulhamento quando avistou um ve\u00edculo VW\/GOL, cor cinza, em alta velocidade pela \u00e1rea central do munic\u00edpio por volta das 21:20 horas desse domingo (02).A equipe realizou a abordagem e identificou o condutor, sendo contatado ao realizado consulta no sistema, que a habilita\u00e7\u00e3o do condutor estava [&hellip;]<\/p>\n","protected":false},"author":2,"featured_media":21777,"comment_status":"open","ping_status":"open","sticky":false,"template":"","format":"standard","meta":{"footnotes":""},"categories":[2],"tags":[172],"class_list":["post-23176","post","type-post","status-publish","format-standard","has-post-thumbnail","hentry","category-policial","tag-featured"],"amp_enabled":true,"_links":{"self":[{"href":"https:\/\/radiostudiow.com.br\/site\/wp-json\/wp\/v2\/posts\/23176","targetHints":{"allow":["GET"]}}],"collection":[{"href":"https:\/\/radiostudiow.com.br\/site\/wp-json\/wp\/v2\/posts"}],"about":[{"href":"https:\/\/radiostudiow.com.br\/site\/wp-json\/wp\/v2\/types\/post"}],"author":[{"embeddable":true,"href":"https:\/\/radiostudiow.com.br\/site\/wp-json\/wp\/v2\/users\/2"}],"replies":[{"embeddable":true,"href":"https:\/\/radiostudiow.com.br\/site\/wp-json\/wp\/v2\/comments?post=23176"}],"version-history":[{"count":2,"href":"https:\/\/radiostudiow.com.br\/site\/wp-json\/wp\/v2\/posts\/23176\/revisions"}],"predecessor-version":[{"id":23193,"href":"https:\/\/radiostudiow.com.br\/site\/wp-json\/wp\/v2\/posts\/23176\/revisions\/23193"}],"wp:featuredmedia":[{"embeddable":true,"href":"https:\/\/radiostudiow.com.br\/site\/wp-json\/wp\/v2\/media\/21777"}],"wp:attachment":[{"href":"https:\/\/radiostudiow.com.br\/site\/wp-json\/wp\/v2\/media?parent=23176"}],"wp:term":[{"taxonomy":"category","embeddable":true,"href":"https:\/\/radiostudiow.com.br\/site\/wp-json\/wp\/v2\/categories?post=23176"},{"taxonomy":"post_tag","embeddable":true,"href":"https:\/\/radiostudiow.com.br\/site\/wp-json\/wp\/v2\/tags?post=23176"}],"curies":[{"name":"wp","href":"https:\/\/api.w.org\/{rel}","templated":true}]}}