{"id":23178,"date":"2024-06-03T16:51:07","date_gmt":"2024-06-03T19:51:07","guid":{"rendered":"https:\/\/radiostudiow.com.br\/site\/?p=23178"},"modified":"2025-01-31T14:59:17","modified_gmt":"2025-01-31T17:59:17","slug":"homem-de-51-anos-morre-atropelado-na-br-153-em-rio-azul","status":"publish","type":"post","link":"https:\/\/radiostudiow.com.br\/site\/2024\/06\/03\/homem-de-51-anos-morre-atropelado-na-br-153-em-rio-azul\/","title":{"rendered":"Homem de 51 anos morre atropelado na BR-153 em Rio Azul"},"content":{"rendered":"\n<figure class=\"wp-block-image size-full\"><img loading=\"lazy\" decoding=\"async\" width=\"897\" height=\"204\" src=\"https:\/\/radiostudiow.com.br\/site\/wp-content\/uploads\/2024\/04\/image-15.png\" alt=\"\" class=\"wp-image-21199\" srcset=\"https:\/\/radiostudiow.com.br\/site\/wp-content\/uploads\/2024\/04\/image-15.png 897w, https:\/\/radiostudiow.com.br\/site\/wp-content\/uploads\/2024\/04\/image-15-300x68.png 300w, https:\/\/radiostudiow.com.br\/site\/wp-content\/uploads\/2024\/04\/image-15-768x175.png 768w\" sizes=\"auto, (max-width: 897px) 100vw, 897px\" \/><\/figure>\n\n\n\n<p>A equipe da Pol\u00edcia Rodovi\u00e1ria Federal atendeu um atropelamento de pessoa por volta das 22 horas desse domingo (02), no km 373,5 da BR 153, em Rio Azul. O acidente envolveu um Siena com placas de Rio Azul.<\/p>\n\n\n\n<p>Segundo relatos de populares que foram repassados aos oficiais, a v\u00edtima estava deitada sobre a rodovia, quando o condutor do Siena, trafegava sentido Mallet, ao cruzar com outro ve\u00edculo, que vinha em sentido contr\u00e1rio, sofreu breve ofuscamento, que o impediu de ver a v\u00edtima a tempo suficiente de ter rea\u00e7\u00e3o para evitar o acidente, vindo a ocorrer o atropelamento.<\/p>\n\n\n\n<figure class=\"wp-block-image size-full\"><img decoding=\"async\" src=\"https:\/\/radiostudiow.com.br\/site\/wp-content\/uploads\/2024\/04\/image-45.png\" alt=\"\" class=\"wp-image-21394\"\/><\/figure>\n\n\n\n<p>O homem, de 51 anos, morreu no local. Ap\u00f3s a identifica\u00e7\u00e3o e demais procedimentos, o corpo foi encaminhado ao IML de Uni\u00e3o da Vit\u00f3ria. At\u00e9 o momento desta publica\u00e7\u00e3o, a identifica\u00e7\u00e3o da v\u00edtima n\u00e3o foi divulgada.<\/p>\n\n\n\n<p>O motorista, de 42 anos, permaneceu no local at\u00e9 a chegada da PRF, e ao realizar o baf\u00f4metro, obteve resultado negativo para ingest\u00e3o de \u00e1lcool.<\/p>\n","protected":false},"excerpt":{"rendered":"<p>A equipe da Pol\u00edcia Rodovi\u00e1ria Federal atendeu um atropelamento de pessoa por volta das 22 horas desse domingo (02), no km 373,5 da BR 153, em Rio Azul. O acidente envolveu um Siena com placas de Rio Azul. Segundo relatos de populares que foram repassados aos oficiais, a v\u00edtima estava deitada sobre a rodovia, quando [&hellip;]<\/p>\n","protected":false},"author":2,"featured_media":23179,"comment_status":"open","ping_status":"open","sticky":false,"template":"","format":"standard","meta":{"footnotes":""},"categories":[185],"tags":[172],"class_list":["post-23178","post","type-post","status-publish","format-standard","has-post-thumbnail","hentry","category-regional","tag-featured"],"amp_enabled":true,"_links":{"self":[{"href":"https:\/\/radiostudiow.com.br\/site\/wp-json\/wp\/v2\/posts\/23178","targetHints":{"allow":["GET"]}}],"collection":[{"href":"https:\/\/radiostudiow.com.br\/site\/wp-json\/wp\/v2\/posts"}],"about":[{"href":"https:\/\/radiostudiow.com.br\/site\/wp-json\/wp\/v2\/types\/post"}],"author":[{"embeddable":true,"href":"https:\/\/radiostudiow.com.br\/site\/wp-json\/wp\/v2\/users\/2"}],"replies":[{"embeddable":true,"href":"https:\/\/radiostudiow.com.br\/site\/wp-json\/wp\/v2\/comments?post=23178"}],"version-history":[{"count":1,"href":"https:\/\/radiostudiow.com.br\/site\/wp-json\/wp\/v2\/posts\/23178\/revisions"}],"predecessor-version":[{"id":23180,"href":"https:\/\/radiostudiow.com.br\/site\/wp-json\/wp\/v2\/posts\/23178\/revisions\/23180"}],"wp:featuredmedia":[{"embeddable":true,"href":"https:\/\/radiostudiow.com.br\/site\/wp-json\/wp\/v2\/media\/23179"}],"wp:attachment":[{"href":"https:\/\/radiostudiow.com.br\/site\/wp-json\/wp\/v2\/media?parent=23178"}],"wp:term":[{"taxonomy":"category","embeddable":true,"href":"https:\/\/radiostudiow.com.br\/site\/wp-json\/wp\/v2\/categories?post=23178"},{"taxonomy":"post_tag","embeddable":true,"href":"https:\/\/radiostudiow.com.br\/site\/wp-json\/wp\/v2\/tags?post=23178"}],"curies":[{"name":"wp","href":"https:\/\/api.w.org\/{rel}","templated":true}]}}