{"id":23182,"date":"2024-06-03T18:19:04","date_gmt":"2024-06-03T21:19:04","guid":{"rendered":"https:\/\/radiostudiow.com.br\/site\/?p=23182"},"modified":"2025-01-31T14:59:17","modified_gmt":"2025-01-31T17:59:17","slug":"motorista-e-preso-apos-atropelar-idosas-e-capotar-carro-ao-tentar-fugir-em-uniao-da-vitoria","status":"publish","type":"post","link":"https:\/\/radiostudiow.com.br\/site\/2024\/06\/03\/motorista-e-preso-apos-atropelar-idosas-e-capotar-carro-ao-tentar-fugir-em-uniao-da-vitoria\/","title":{"rendered":"Motorista \u00e9 preso ap\u00f3s atropelar idosas e capotar carro ao tentar fugir em Uni\u00e3o da Vit\u00f3ria"},"content":{"rendered":"\n<figure class=\"wp-block-image size-full\"><img loading=\"lazy\" decoding=\"async\" width=\"300\" height=\"180\" src=\"https:\/\/radiostudiow.com.br\/site\/wp-content\/uploads\/2024\/04\/SITE-PEQUENO-1.png\" alt=\"\" class=\"wp-image-21868\"\/><\/figure>\n\n\n\n<p>Um homem que n\u00e3o teve o nome divulgado foi preso durante a noite desse domingo, dia 02 de junho, por volta das 19h15, ap\u00f3s se envolver em um acidente e tentar fugir sem prestar socorro. A situa\u00e7\u00e3o aconteceu no bairro Cidade Jardim, no Distrito de S\u00e3o Crist\u00f3v\u00e3o.<\/p>\n\n\n\n<p>Conforme informa\u00e7\u00f5es, o homem conduzia um carro Fiat\/Siena de cor prata quando acabou atropelando duas idosas na rua Pedro Stelmachuk. As idosas de 74 e 83 anos de idade, sofreram ferimentos e foram encaminhados para atendimento m\u00e9dico pelo Corpo de Bombeiros.<\/p>\n\n\n\n<figure class=\"wp-block-image size-full\"><img loading=\"lazy\" decoding=\"async\" width=\"1024\" height=\"387\" src=\"https:\/\/radiostudiow.com.br\/site\/wp-content\/uploads\/2024\/04\/image-17.png\" alt=\"\" class=\"wp-image-21206\" srcset=\"https:\/\/radiostudiow.com.br\/site\/wp-content\/uploads\/2024\/04\/image-17.png 1024w, https:\/\/radiostudiow.com.br\/site\/wp-content\/uploads\/2024\/04\/image-17-300x113.png 300w, https:\/\/radiostudiow.com.br\/site\/wp-content\/uploads\/2024\/04\/image-17-768x290.png 768w\" sizes=\"auto, (max-width: 1024px) 100vw, 1024px\" \/><\/figure>\n\n\n\n<p>O motorista ap\u00f3s o acidente, teria tentado fugir, no entanto, acabou perdendo o controle e capotou o seu ve\u00edculo. Ele foi abordado, identificado e detido, sendo conduzido at\u00e9 a delegacia.<\/p>\n","protected":false},"excerpt":{"rendered":"<p>Um homem que n\u00e3o teve o nome divulgado foi preso durante a noite desse domingo, dia 02 de junho, por volta das 19h15, ap\u00f3s se envolver em um acidente e tentar fugir sem prestar socorro. A situa\u00e7\u00e3o aconteceu no bairro Cidade Jardim, no Distrito de S\u00e3o Crist\u00f3v\u00e3o. Conforme informa\u00e7\u00f5es, o homem conduzia um carro Fiat\/Siena [&hellip;]<\/p>\n","protected":false},"author":2,"featured_media":20848,"comment_status":"open","ping_status":"open","sticky":false,"template":"","format":"standard","meta":{"footnotes":""},"categories":[2],"tags":[172],"class_list":["post-23182","post","type-post","status-publish","format-standard","has-post-thumbnail","hentry","category-policial","tag-featured"],"amp_enabled":true,"_links":{"self":[{"href":"https:\/\/radiostudiow.com.br\/site\/wp-json\/wp\/v2\/posts\/23182","targetHints":{"allow":["GET"]}}],"collection":[{"href":"https:\/\/radiostudiow.com.br\/site\/wp-json\/wp\/v2\/posts"}],"about":[{"href":"https:\/\/radiostudiow.com.br\/site\/wp-json\/wp\/v2\/types\/post"}],"author":[{"embeddable":true,"href":"https:\/\/radiostudiow.com.br\/site\/wp-json\/wp\/v2\/users\/2"}],"replies":[{"embeddable":true,"href":"https:\/\/radiostudiow.com.br\/site\/wp-json\/wp\/v2\/comments?post=23182"}],"version-history":[{"count":1,"href":"https:\/\/radiostudiow.com.br\/site\/wp-json\/wp\/v2\/posts\/23182\/revisions"}],"predecessor-version":[{"id":23183,"href":"https:\/\/radiostudiow.com.br\/site\/wp-json\/wp\/v2\/posts\/23182\/revisions\/23183"}],"wp:featuredmedia":[{"embeddable":true,"href":"https:\/\/radiostudiow.com.br\/site\/wp-json\/wp\/v2\/media\/20848"}],"wp:attachment":[{"href":"https:\/\/radiostudiow.com.br\/site\/wp-json\/wp\/v2\/media?parent=23182"}],"wp:term":[{"taxonomy":"category","embeddable":true,"href":"https:\/\/radiostudiow.com.br\/site\/wp-json\/wp\/v2\/categories?post=23182"},{"taxonomy":"post_tag","embeddable":true,"href":"https:\/\/radiostudiow.com.br\/site\/wp-json\/wp\/v2\/tags?post=23182"}],"curies":[{"name":"wp","href":"https:\/\/api.w.org\/{rel}","templated":true}]}}