{"id":23184,"date":"2024-06-04T10:58:55","date_gmt":"2024-06-04T13:58:55","guid":{"rendered":"https:\/\/radiostudiow.com.br\/site\/?p=23184"},"modified":"2025-01-31T14:59:17","modified_gmt":"2025-01-31T17:59:17","slug":"parana-lanca-campanha-para-incentivar-as-doacoes-de-sangue","status":"publish","type":"post","link":"https:\/\/radiostudiow.com.br\/site\/2024\/06\/04\/parana-lanca-campanha-para-incentivar-as-doacoes-de-sangue\/","title":{"rendered":"Paran\u00e1 lan\u00e7a campanha para incentivar as doa\u00e7\u00f5es de sangue"},"content":{"rendered":"\n<p>O Governo do Estado, por meio da Secretaria de Estado da Sa\u00fade (Sesa), lan\u00e7a a campanha \u201cParan\u00e1, terra de sangue bom\u201d para incentivar as doa\u00e7\u00f5es de sangue durante o Junho Vermelho, m\u00eas de conscientiza\u00e7\u00e3o sobre a import\u00e2ncia da doa\u00e7\u00e3o \u2013 14 de junho \u00e9 o Dia Mundial do Doador de Sangue.<\/p>\n\n\n\n<p>Neste m\u00eas, as 23 unidades do Centro de Hematologia e Hemoterapia do Paran\u00e1 (Hemepar) refor\u00e7am a necessidade de mais doadores para manter os estoques de sangue que salvam centenas de vidas todos os dias em, pelo menos, 384 hospitais p\u00fablicos, privados e filantr\u00f3picos, distribu\u00eddos em todas as regi\u00f5es do Estado. Eles correspondem a 93% dos leitos do Sistema \u00danico de Sa\u00fade (SUS).<\/p>\n\n\n\n<figure class=\"wp-block-image size-full\"><img loading=\"lazy\" decoding=\"async\" width=\"897\" height=\"204\" src=\"https:\/\/radiostudiow.com.br\/site\/wp-content\/uploads\/2024\/04\/image-37.png\" alt=\"\" class=\"wp-image-21305\" srcset=\"https:\/\/radiostudiow.com.br\/site\/wp-content\/uploads\/2024\/04\/image-37.png 897w, https:\/\/radiostudiow.com.br\/site\/wp-content\/uploads\/2024\/04\/image-37-300x68.png 300w, https:\/\/radiostudiow.com.br\/site\/wp-content\/uploads\/2024\/04\/image-37-768x175.png 768w\" sizes=\"auto, (max-width: 897px) 100vw, 897px\" \/><\/figure>\n\n\n\n<p><em>\u201cQueremos, primeiramente, agradecer a todos os doadores que ajudam a salvar centenas de vidas todos os dias no Paran\u00e1 e continuar esse chamamento, pedindo que sigam doando sangue com frequ\u00eancia, incentivando amigos e familiares neste ato de amor e solidariedade com o pr\u00f3ximo\u201d,<\/em> <strong>disse o secret\u00e1rio de Estado da Sa\u00fade, Beto Preto.<\/strong><\/p>\n\n\n\n<p>Somente neste ano, o Paran\u00e1 registrou 83 mil doa\u00e7\u00f5es de sangue. Durante todo o ano passado, foram mais de 187 mil. Cada bolsa de sangue de 450 ml produz at\u00e9 quatro hemocomponentes que s\u00e3o separados em hem\u00e1cias, plaquetas, plasma e crioprecipitado (plasma fresco congelado) e podem ajudar a salvar at\u00e9 quatro vidas.<\/p>\n\n\n\n<p>Desde 2019, o Governo do Estado j\u00e1 investiu cerca de R$ 186 milh\u00f5es em equipamentos e insumos com tecnologia avan\u00e7ada voltada para \u00e1rea do ciclo do sangue (hemoterapia), tornando a hemorrede estadual paranaense uma das unidades mais modernas, refer\u00eancia para os demais hemocentros da rede nacional.<\/p>\n\n\n\n<p>No m\u00eas passado, o Hemepar enviou 300 bolsas de sangue para ajudar o sistema de sa\u00fade do Rio Grande do Sul devido \u00e0 calamidade p\u00fablica por causa das enchentes.<\/p>\n\n\n\n<figure class=\"wp-block-image size-full\"><img decoding=\"async\" src=\"https:\/\/radiostudiow.com.br\/site\/wp-content\/uploads\/2024\/04\/SITE-MEDIO.png\" alt=\"\" class=\"wp-image-21854\"\/><\/figure>\n\n\n\n<p><strong>QUEM PODE DOAR<\/strong>&nbsp;\u2013&nbsp;\u00c9 necess\u00e1rio ter entre 16 e 69 anos completos. Menores de idade necessitam de autoriza\u00e7\u00e3o e presen\u00e7a do respons\u00e1vel legal. Os homens podem doar a cada dois meses, quatro vezes ao ano. As mulheres, a cada tr\u00eas meses, num total de tr\u00eas doa\u00e7\u00f5es ao ano.<\/p>\n\n\n\n<p>O doador deve pesar no m\u00ednimo 51 quilos, estar descansado, alimentado e hidratado (evitar alimenta\u00e7\u00e3o gordurosa nas quatro horas que antecedem a doa\u00e7\u00e3o) e apresentar documento oficial com foto (carteira de identidade, carteira do conselho profissional, carteira de trabalho, passaporte ou carteira nacional de habilita\u00e7\u00e3o).<\/p>\n\n\n\n<p><strong>AGENDAMENTO&nbsp;<\/strong>\u2013 O Hemepar ressalta que os doadores devem agendar a doa\u00e7\u00e3o como forma de evitar filas e otimizar o estoque, sem que haja mais doa\u00e7\u00f5es de um tipo sangu\u00edneo e menos de outro. O agendamento pode ser feito&nbsp;<a href=\"https:\/\/www.saude.pr.gov.br\/Pagina\/Doacao-de-Sangue\" target=\"_blank\" rel=\"noreferrer noopener\">AQUI<\/a>&nbsp;ou em uma das unidades da Rede:<\/p>\n\n\n\n<p><strong>Irati<\/strong>: Rua Coronel Gracia, 761, Centro \u2013 Telefone e WhatsApp: (42) 3422-6240<\/p>\n\n\n\n<p><strong>Uni\u00e3o da Vit\u00f3ria<\/strong>: Rua Castro Alves, 26, Centro \u2013 Telefone: (42) 3522-1365<\/p>\n","protected":false},"excerpt":{"rendered":"<p>O Governo do Estado, por meio da Secretaria de Estado da Sa\u00fade (Sesa), lan\u00e7a a campanha \u201cParan\u00e1, terra de sangue bom\u201d para incentivar as doa\u00e7\u00f5es de sangue durante o Junho Vermelho, m\u00eas de conscientiza\u00e7\u00e3o sobre a import\u00e2ncia da doa\u00e7\u00e3o \u2013 14 de junho \u00e9 o Dia Mundial do Doador de Sangue. Neste m\u00eas, as 23 [&hellip;]<\/p>\n","protected":false},"author":2,"featured_media":23195,"comment_status":"open","ping_status":"open","sticky":false,"template":"","format":"standard","meta":{"footnotes":""},"categories":[7],"tags":[172],"class_list":["post-23184","post","type-post","status-publish","format-standard","has-post-thumbnail","hentry","category-geral","tag-featured"],"amp_enabled":true,"_links":{"self":[{"href":"https:\/\/radiostudiow.com.br\/site\/wp-json\/wp\/v2\/posts\/23184","targetHints":{"allow":["GET"]}}],"collection":[{"href":"https:\/\/radiostudiow.com.br\/site\/wp-json\/wp\/v2\/posts"}],"about":[{"href":"https:\/\/radiostudiow.com.br\/site\/wp-json\/wp\/v2\/types\/post"}],"author":[{"embeddable":true,"href":"https:\/\/radiostudiow.com.br\/site\/wp-json\/wp\/v2\/users\/2"}],"replies":[{"embeddable":true,"href":"https:\/\/radiostudiow.com.br\/site\/wp-json\/wp\/v2\/comments?post=23184"}],"version-history":[{"count":3,"href":"https:\/\/radiostudiow.com.br\/site\/wp-json\/wp\/v2\/posts\/23184\/revisions"}],"predecessor-version":[{"id":23208,"href":"https:\/\/radiostudiow.com.br\/site\/wp-json\/wp\/v2\/posts\/23184\/revisions\/23208"}],"wp:featuredmedia":[{"embeddable":true,"href":"https:\/\/radiostudiow.com.br\/site\/wp-json\/wp\/v2\/media\/23195"}],"wp:attachment":[{"href":"https:\/\/radiostudiow.com.br\/site\/wp-json\/wp\/v2\/media?parent=23184"}],"wp:term":[{"taxonomy":"category","embeddable":true,"href":"https:\/\/radiostudiow.com.br\/site\/wp-json\/wp\/v2\/categories?post=23184"},{"taxonomy":"post_tag","embeddable":true,"href":"https:\/\/radiostudiow.com.br\/site\/wp-json\/wp\/v2\/tags?post=23184"}],"curies":[{"name":"wp","href":"https:\/\/api.w.org\/{rel}","templated":true}]}}