{"id":23200,"date":"2024-06-04T17:48:09","date_gmt":"2024-06-04T20:48:09","guid":{"rendered":"https:\/\/radiostudiow.com.br\/site\/?p=23200"},"modified":"2025-01-31T14:59:17","modified_gmt":"2025-01-31T17:59:17","slug":"moradora-de-paula-freitas-procura-policia-apos-filho-levar-seu-carro-sem-autorizacao","status":"publish","type":"post","link":"https:\/\/radiostudiow.com.br\/site\/2024\/06\/04\/moradora-de-paula-freitas-procura-policia-apos-filho-levar-seu-carro-sem-autorizacao\/","title":{"rendered":"Moradora de Paula Freitas procura pol\u00edcia ap\u00f3s filho levar seu carro sem autoriza\u00e7\u00e3o"},"content":{"rendered":"\n<figure class=\"wp-block-image size-full\"><img loading=\"lazy\" decoding=\"async\" width=\"598\" height=\"204\" src=\"https:\/\/radiostudiow.com.br\/site\/wp-content\/uploads\/2024\/04\/image-39.png\" alt=\"\" class=\"wp-image-21311\" srcset=\"https:\/\/radiostudiow.com.br\/site\/wp-content\/uploads\/2024\/04\/image-39.png 598w, https:\/\/radiostudiow.com.br\/site\/wp-content\/uploads\/2024\/04\/image-39-300x102.png 300w\" sizes=\"auto, (max-width: 598px) 100vw, 598px\" \/><\/figure>\n\n\n\n<p>Uma moradora de Paula Freitas compareceu ao 27\u00ba Batalh\u00e3o da Pol\u00edcia Militar de Uni\u00e3o da Vit\u00f3ria por volta das 09 horas dessa segunda-feira, 03 de junho, para registrar um boletim de ocorr\u00eancia ap\u00f3s seu filho ter levado seu carro sem autoriza\u00e7\u00e3o.<\/p>\n\n\n\n<p>De acordo com a solicitante, ela e seu filho vieram juntos para Uni\u00e3o da Vit\u00f3ria em um ve\u00edculo Ford\/Ka prata, com o filho na dire\u00e7\u00e3o. Por volta das 11 horas, o filho estacionou o carro em frente a uma lot\u00e9rica no centro da cidade.<\/p>\n\n\n\n<figure class=\"wp-block-image size-full\"><img decoding=\"async\" src=\"https:\/\/radiostudiow.com.br\/site\/wp-content\/uploads\/2024\/04\/image-42.png\" alt=\"\" class=\"wp-image-21334\"\/><\/figure>\n\n\n\n<p>Momento que ela desceu para o interior do estabelecimento, o condutor acelerou o ve\u00edculo e fugiu em dire\u00e7\u00e3o a lugar ignorado, sem sua autoriza\u00e7\u00e3o. A mulher ainda informou que n\u00e3o \u00e9 a primeira vez que o filho se apropria do seu carro.<\/p>\n\n\n\n<p>Ela foi orientada quanto aos procedimentos cab\u00edveis para registrar o crime e buscar a recupera\u00e7\u00e3o do ve\u00edculo.<\/p>\n","protected":false},"excerpt":{"rendered":"<p>Uma moradora de Paula Freitas compareceu ao 27\u00ba Batalh\u00e3o da Pol\u00edcia Militar de Uni\u00e3o da Vit\u00f3ria por volta das 09 horas dessa segunda-feira, 03 de junho, para registrar um boletim de ocorr\u00eancia ap\u00f3s seu filho ter levado seu carro sem autoriza\u00e7\u00e3o. De acordo com a solicitante, ela e seu filho vieram juntos para Uni\u00e3o da [&hellip;]<\/p>\n","protected":false},"author":2,"featured_media":22163,"comment_status":"open","ping_status":"open","sticky":false,"template":"","format":"standard","meta":{"footnotes":""},"categories":[2],"tags":[172],"class_list":["post-23200","post","type-post","status-publish","format-standard","has-post-thumbnail","hentry","category-policial","tag-featured"],"amp_enabled":true,"_links":{"self":[{"href":"https:\/\/radiostudiow.com.br\/site\/wp-json\/wp\/v2\/posts\/23200","targetHints":{"allow":["GET"]}}],"collection":[{"href":"https:\/\/radiostudiow.com.br\/site\/wp-json\/wp\/v2\/posts"}],"about":[{"href":"https:\/\/radiostudiow.com.br\/site\/wp-json\/wp\/v2\/types\/post"}],"author":[{"embeddable":true,"href":"https:\/\/radiostudiow.com.br\/site\/wp-json\/wp\/v2\/users\/2"}],"replies":[{"embeddable":true,"href":"https:\/\/radiostudiow.com.br\/site\/wp-json\/wp\/v2\/comments?post=23200"}],"version-history":[{"count":3,"href":"https:\/\/radiostudiow.com.br\/site\/wp-json\/wp\/v2\/posts\/23200\/revisions"}],"predecessor-version":[{"id":23215,"href":"https:\/\/radiostudiow.com.br\/site\/wp-json\/wp\/v2\/posts\/23200\/revisions\/23215"}],"wp:featuredmedia":[{"embeddable":true,"href":"https:\/\/radiostudiow.com.br\/site\/wp-json\/wp\/v2\/media\/22163"}],"wp:attachment":[{"href":"https:\/\/radiostudiow.com.br\/site\/wp-json\/wp\/v2\/media?parent=23200"}],"wp:term":[{"taxonomy":"category","embeddable":true,"href":"https:\/\/radiostudiow.com.br\/site\/wp-json\/wp\/v2\/categories?post=23200"},{"taxonomy":"post_tag","embeddable":true,"href":"https:\/\/radiostudiow.com.br\/site\/wp-json\/wp\/v2\/tags?post=23200"}],"curies":[{"name":"wp","href":"https:\/\/api.w.org\/{rel}","templated":true}]}}