{"id":23203,"date":"2024-06-04T17:20:17","date_gmt":"2024-06-04T20:20:17","guid":{"rendered":"https:\/\/radiostudiow.com.br\/site\/?p=23203"},"modified":"2025-01-31T14:59:17","modified_gmt":"2025-01-31T17:59:17","slug":"baterias-rodas-e-farois-sao-roubados-de-carro-apos-acidente-na-br-153","status":"publish","type":"post","link":"https:\/\/radiostudiow.com.br\/site\/2024\/06\/04\/baterias-rodas-e-farois-sao-roubados-de-carro-apos-acidente-na-br-153\/","title":{"rendered":"Baterias, rodas e far\u00f3is s\u00e3o roubados de carro ap\u00f3s acidente na BR-153"},"content":{"rendered":"\n<p>A v\u00edtima relatou para a equipe da Pol\u00edcia Militar que estava dirigindo seu Range Rover para uma ch\u00e1cara quando sofreu o acidente na BR-153 em General Carneiro nesta segunda-feira (03).<\/p>\n\n\n\n<figure class=\"wp-block-image size-large\"><img decoding=\"async\" src=\"https:\/\/radiostudiow.com.br\/site\/wp-content\/uploads\/2024\/04\/PP-thumb-banner-miniatura1920x1080-1024x576.jpg\" alt=\"\" class=\"wp-image-22019\"\/><\/figure>\n\n\n\n<p>Diante da situa\u00e7\u00e3o, ele se deslocou at\u00e9 o restaurante mais pr\u00f3ximo com \u00e1rea de telefone para pedir ajuda. Ao retornar ao local do acidente, percebeu que algumas partes do seu ve\u00edculo haviam sido furtadas.<\/p>\n\n\n\n<p>O homem foi orientado pelos pol\u00edciais sobre os procedimentos cab\u00edveis para registrar o boletim de ocorr\u00eancia e buscar a investiga\u00e7\u00e3o do crime.<\/p>\n","protected":false},"excerpt":{"rendered":"<p>A v\u00edtima relatou para a equipe da Pol\u00edcia Militar que estava dirigindo seu Range Rover para uma ch\u00e1cara quando sofreu o acidente na BR-153 em General Carneiro nesta segunda-feira (03). Diante da situa\u00e7\u00e3o, ele se deslocou at\u00e9 o restaurante mais pr\u00f3ximo com \u00e1rea de telefone para pedir ajuda. Ao retornar ao local do acidente, percebeu [&hellip;]<\/p>\n","protected":false},"author":2,"featured_media":20850,"comment_status":"open","ping_status":"open","sticky":false,"template":"","format":"standard","meta":{"footnotes":""},"categories":[2],"tags":[172],"class_list":["post-23203","post","type-post","status-publish","format-standard","has-post-thumbnail","hentry","category-policial","tag-featured"],"amp_enabled":true,"_links":{"self":[{"href":"https:\/\/radiostudiow.com.br\/site\/wp-json\/wp\/v2\/posts\/23203","targetHints":{"allow":["GET"]}}],"collection":[{"href":"https:\/\/radiostudiow.com.br\/site\/wp-json\/wp\/v2\/posts"}],"about":[{"href":"https:\/\/radiostudiow.com.br\/site\/wp-json\/wp\/v2\/types\/post"}],"author":[{"embeddable":true,"href":"https:\/\/radiostudiow.com.br\/site\/wp-json\/wp\/v2\/users\/2"}],"replies":[{"embeddable":true,"href":"https:\/\/radiostudiow.com.br\/site\/wp-json\/wp\/v2\/comments?post=23203"}],"version-history":[{"count":4,"href":"https:\/\/radiostudiow.com.br\/site\/wp-json\/wp\/v2\/posts\/23203\/revisions"}],"predecessor-version":[{"id":23214,"href":"https:\/\/radiostudiow.com.br\/site\/wp-json\/wp\/v2\/posts\/23203\/revisions\/23214"}],"wp:featuredmedia":[{"embeddable":true,"href":"https:\/\/radiostudiow.com.br\/site\/wp-json\/wp\/v2\/media\/20850"}],"wp:attachment":[{"href":"https:\/\/radiostudiow.com.br\/site\/wp-json\/wp\/v2\/media?parent=23203"}],"wp:term":[{"taxonomy":"category","embeddable":true,"href":"https:\/\/radiostudiow.com.br\/site\/wp-json\/wp\/v2\/categories?post=23203"},{"taxonomy":"post_tag","embeddable":true,"href":"https:\/\/radiostudiow.com.br\/site\/wp-json\/wp\/v2\/tags?post=23203"}],"curies":[{"name":"wp","href":"https:\/\/api.w.org\/{rel}","templated":true}]}}