{"id":23206,"date":"2024-06-04T17:00:02","date_gmt":"2024-06-04T20:00:02","guid":{"rendered":"https:\/\/radiostudiow.com.br\/site\/?p=23206"},"modified":"2025-01-31T14:59:17","modified_gmt":"2025-01-31T17:59:17","slug":"homem-com-quatro-mandados-de-prisao-e-preso-em-sao-mateus-do-sul","status":"publish","type":"post","link":"https:\/\/radiostudiow.com.br\/site\/2024\/06\/04\/homem-com-quatro-mandados-de-prisao-e-preso-em-sao-mateus-do-sul\/","title":{"rendered":"Homem com quatro mandados de pris\u00e3o \u00e9 preso em S\u00e3o Mateus do Sul"},"content":{"rendered":"\n<p>A equipe da Rotam de S\u00e3o Mateus do Sul recebeu informa\u00e7\u00f5es de que um foragido do sistema prisional e que contra o mesmo constam quatro mandados de pris\u00e3o em aberto, sendo tr\u00eas deles por homic\u00eddio, estava na Vila Nepomuceno nesta segunda-feira (03).<\/p>\n\n\n\n<figure class=\"wp-block-image size-full\"><img loading=\"lazy\" decoding=\"async\" width=\"1024\" height=\"387\" src=\"https:\/\/radiostudiow.com.br\/site\/wp-content\/uploads\/2024\/04\/image-17.png\" alt=\"\" class=\"wp-image-21206\" srcset=\"https:\/\/radiostudiow.com.br\/site\/wp-content\/uploads\/2024\/04\/image-17.png 1024w, https:\/\/radiostudiow.com.br\/site\/wp-content\/uploads\/2024\/04\/image-17-300x113.png 300w, https:\/\/radiostudiow.com.br\/site\/wp-content\/uploads\/2024\/04\/image-17-768x290.png 768w\" sizes=\"auto, (max-width: 1024px) 100vw, 1024px\" \/><\/figure>\n\n\n\n<p>A Rotam juntamente com uma equipe R\u00e1dio Patrulha de refor\u00e7o, realizou patrulhamento pelas proximidades e localizaram o indiv\u00edduo em uma resid\u00eancia.<\/p>\n\n\n\n<p>Realizado a abordagem e encaminhado o autor at\u00e9 o Pronto Atendimento Municipal e posteriormente at\u00e9 a 3\u00aa Subdivis\u00e3o Policial para provid\u00eancias da pol\u00edcia judici\u00e1ria.<\/p>\n","protected":false},"excerpt":{"rendered":"<p>A equipe da Rotam de S\u00e3o Mateus do Sul recebeu informa\u00e7\u00f5es de que um foragido do sistema prisional e que contra o mesmo constam quatro mandados de pris\u00e3o em aberto, sendo tr\u00eas deles por homic\u00eddio, estava na Vila Nepomuceno nesta segunda-feira (03). A Rotam juntamente com uma equipe R\u00e1dio Patrulha de refor\u00e7o, realizou patrulhamento pelas [&hellip;]<\/p>\n","protected":false},"author":2,"featured_media":11623,"comment_status":"open","ping_status":"open","sticky":false,"template":"","format":"standard","meta":{"footnotes":""},"categories":[2],"tags":[172],"class_list":["post-23206","post","type-post","status-publish","format-standard","has-post-thumbnail","hentry","category-policial","tag-featured"],"amp_enabled":true,"_links":{"self":[{"href":"https:\/\/radiostudiow.com.br\/site\/wp-json\/wp\/v2\/posts\/23206","targetHints":{"allow":["GET"]}}],"collection":[{"href":"https:\/\/radiostudiow.com.br\/site\/wp-json\/wp\/v2\/posts"}],"about":[{"href":"https:\/\/radiostudiow.com.br\/site\/wp-json\/wp\/v2\/types\/post"}],"author":[{"embeddable":true,"href":"https:\/\/radiostudiow.com.br\/site\/wp-json\/wp\/v2\/users\/2"}],"replies":[{"embeddable":true,"href":"https:\/\/radiostudiow.com.br\/site\/wp-json\/wp\/v2\/comments?post=23206"}],"version-history":[{"count":3,"href":"https:\/\/radiostudiow.com.br\/site\/wp-json\/wp\/v2\/posts\/23206\/revisions"}],"predecessor-version":[{"id":23211,"href":"https:\/\/radiostudiow.com.br\/site\/wp-json\/wp\/v2\/posts\/23206\/revisions\/23211"}],"wp:featuredmedia":[{"embeddable":true,"href":"https:\/\/radiostudiow.com.br\/site\/wp-json\/wp\/v2\/media\/11623"}],"wp:attachment":[{"href":"https:\/\/radiostudiow.com.br\/site\/wp-json\/wp\/v2\/media?parent=23206"}],"wp:term":[{"taxonomy":"category","embeddable":true,"href":"https:\/\/radiostudiow.com.br\/site\/wp-json\/wp\/v2\/categories?post=23206"},{"taxonomy":"post_tag","embeddable":true,"href":"https:\/\/radiostudiow.com.br\/site\/wp-json\/wp\/v2\/tags?post=23206"}],"curies":[{"name":"wp","href":"https:\/\/api.w.org\/{rel}","templated":true}]}}