{"id":23216,"date":"2024-06-04T18:14:26","date_gmt":"2024-06-04T21:14:26","guid":{"rendered":"https:\/\/radiostudiow.com.br\/site\/?p=23216"},"modified":"2025-01-31T14:59:17","modified_gmt":"2025-01-31T17:59:17","slug":"homem-com-mandado-em-seu-desfavor-e-preso-em-mallet-2","status":"publish","type":"post","link":"https:\/\/radiostudiow.com.br\/site\/2024\/06\/04\/homem-com-mandado-em-seu-desfavor-e-preso-em-mallet-2\/","title":{"rendered":"Homem com mandado em seu desfavor e preso em Mallet"},"content":{"rendered":"\n<p>Em uma a\u00e7\u00e3o rotineira de patrulhamento pela via p\u00fablica, uma equipe policial do 3\u00ba Pelot\u00e3o Cabo Abr\u00e3o Kanclarovicz, deparou com um indiv\u00edduo masculino que apresentava algum tipo de suspeita de delito.<\/p>\n\n\n\n<p>O fato ocorreu por volta das 17h40min desta segunda-feira dia 03 de junho na \u00e1rea central de Mallet.<br>Ap\u00f3s a abordagem e identifica\u00e7\u00e3o do suspeito, constatou que ele estava sob um mandado de pris\u00e3o em aberto.<\/p>\n\n\n\n<figure class=\"wp-block-image size-full\"><img loading=\"lazy\" decoding=\"async\" width=\"897\" height=\"204\" src=\"https:\/\/radiostudiow.com.br\/site\/wp-content\/uploads\/2024\/04\/image-18.png\" alt=\"\" class=\"wp-image-21207\" srcset=\"https:\/\/radiostudiow.com.br\/site\/wp-content\/uploads\/2024\/04\/image-18.png 897w, https:\/\/radiostudiow.com.br\/site\/wp-content\/uploads\/2024\/04\/image-18-300x68.png 300w, https:\/\/radiostudiow.com.br\/site\/wp-content\/uploads\/2024\/04\/image-18-768x175.png 768w\" sizes=\"auto, (max-width: 897px) 100vw, 897px\" \/><\/figure>\n\n\n\n<p>A r\u00e1pida resposta da equipe resultou na captura desse indiv\u00edduo e demonstra o compromisso das for\u00e7as policiais em garantir a seguran\u00e7a da comunidade, agindo prontamente para fazer valer a lei e retirar indiv\u00edduos com pend\u00eancias judiciais das ruas.<\/p>\n\n\n\n<p>Ele foi conduzido e entregue ao DEPEN (Departamento Penitenci\u00e1rio) de Uni\u00e3o da Vit\u00f3ria para as devidas provid\u00eancias da pol\u00edcia judici\u00e1ria.<\/p>\n","protected":false},"excerpt":{"rendered":"<p>Em uma a\u00e7\u00e3o rotineira de patrulhamento pela via p\u00fablica, uma equipe policial do 3\u00ba Pelot\u00e3o Cabo Abr\u00e3o Kanclarovicz, deparou com um indiv\u00edduo masculino que apresentava algum tipo de suspeita de delito. O fato ocorreu por volta das 17h40min desta segunda-feira dia 03 de junho na \u00e1rea central de Mallet.Ap\u00f3s a abordagem e identifica\u00e7\u00e3o do suspeito, [&hellip;]<\/p>\n","protected":false},"author":2,"featured_media":21204,"comment_status":"open","ping_status":"open","sticky":false,"template":"","format":"standard","meta":{"footnotes":""},"categories":[2],"tags":[172],"class_list":["post-23216","post","type-post","status-publish","format-standard","has-post-thumbnail","hentry","category-policial","tag-featured"],"amp_enabled":true,"_links":{"self":[{"href":"https:\/\/radiostudiow.com.br\/site\/wp-json\/wp\/v2\/posts\/23216","targetHints":{"allow":["GET"]}}],"collection":[{"href":"https:\/\/radiostudiow.com.br\/site\/wp-json\/wp\/v2\/posts"}],"about":[{"href":"https:\/\/radiostudiow.com.br\/site\/wp-json\/wp\/v2\/types\/post"}],"author":[{"embeddable":true,"href":"https:\/\/radiostudiow.com.br\/site\/wp-json\/wp\/v2\/users\/2"}],"replies":[{"embeddable":true,"href":"https:\/\/radiostudiow.com.br\/site\/wp-json\/wp\/v2\/comments?post=23216"}],"version-history":[{"count":3,"href":"https:\/\/radiostudiow.com.br\/site\/wp-json\/wp\/v2\/posts\/23216\/revisions"}],"predecessor-version":[{"id":23223,"href":"https:\/\/radiostudiow.com.br\/site\/wp-json\/wp\/v2\/posts\/23216\/revisions\/23223"}],"wp:featuredmedia":[{"embeddable":true,"href":"https:\/\/radiostudiow.com.br\/site\/wp-json\/wp\/v2\/media\/21204"}],"wp:attachment":[{"href":"https:\/\/radiostudiow.com.br\/site\/wp-json\/wp\/v2\/media?parent=23216"}],"wp:term":[{"taxonomy":"category","embeddable":true,"href":"https:\/\/radiostudiow.com.br\/site\/wp-json\/wp\/v2\/categories?post=23216"},{"taxonomy":"post_tag","embeddable":true,"href":"https:\/\/radiostudiow.com.br\/site\/wp-json\/wp\/v2\/tags?post=23216"}],"curies":[{"name":"wp","href":"https:\/\/api.w.org\/{rel}","templated":true}]}}