{"id":23225,"date":"2024-06-04T21:08:07","date_gmt":"2024-06-05T00:08:07","guid":{"rendered":"https:\/\/radiostudiow.com.br\/site\/?p=23225"},"modified":"2025-01-31T14:59:17","modified_gmt":"2025-01-31T17:59:17","slug":"4-de-junho-dia-internacional-das-criancas-vitimas-de-agressao","status":"publish","type":"post","link":"https:\/\/radiostudiow.com.br\/site\/2024\/06\/04\/4-de-junho-dia-internacional-das-criancas-vitimas-de-agressao\/","title":{"rendered":"4 de Junho &#8211; Dia Internacional das Crian\u00e7as V\u00edtimas de Agress\u00e3o"},"content":{"rendered":"\n<p>Longe de ser um dia de celebra\u00e7\u00e3o, este \u00e9 um dia de protesto e de reflex\u00e3o criado pela ONU em 1982.<\/p>\n\n\n\n<p>H\u00e1 crian\u00e7as que todos os dias s\u00e3o v\u00edtimas de agress\u00e3o f\u00edsica e psicol\u00f3gica no mundo inteiro, inclusivamente nas suas pr\u00f3prias casas, por seus familiares.<\/p>\n\n\n\n<figure class=\"wp-block-image size-full is-resized\"><img loading=\"lazy\" decoding=\"async\" width=\"1024\" height=\"387\" src=\"https:\/\/radiostudiow.com.br\/site\/wp-content\/uploads\/2024\/04\/image-17.png\" alt=\"\" class=\"wp-image-21206\" style=\"width:740px;height:auto\" srcset=\"https:\/\/radiostudiow.com.br\/site\/wp-content\/uploads\/2024\/04\/image-17.png 1024w, https:\/\/radiostudiow.com.br\/site\/wp-content\/uploads\/2024\/04\/image-17-300x113.png 300w, https:\/\/radiostudiow.com.br\/site\/wp-content\/uploads\/2024\/04\/image-17-768x290.png 768w\" sizes=\"auto, (max-width: 1024px) 100vw, 1024px\" \/><\/figure>\n\n\n\n<p>Este dia relembra todas as v\u00edtimas infantis de afogamento, envenenamento, espancamento, queimadura, trabalho infantil e abuso sexual, mas tamb\u00e9m chama a aten\u00e7\u00e3o para a necessidade de prote\u00e7\u00e3o e de educa\u00e7\u00e3o das crian\u00e7as, que se encontram numa fase de desenvolvimento.<\/p>\n\n\n\n<p>Garantir um ambiente seguro e saud\u00e1vel para o crescimento das crian\u00e7as \u00e9 um dever de todos n\u00f3s, pais, fam\u00edlias, comunidades locais, professores, educadores, governantes e popula\u00e7\u00e3o em geral.<\/p>\n\n\n\n<figure class=\"wp-block-image size-large\"><img loading=\"lazy\" decoding=\"async\" width=\"1024\" height=\"1024\" src=\"https:\/\/radiostudiow.com.br\/site\/wp-content\/uploads\/2024\/06\/02-1024x1024.jpeg\" alt=\"\" class=\"wp-image-23227\" srcset=\"https:\/\/radiostudiow.com.br\/site\/wp-content\/uploads\/2024\/06\/02-1024x1024.jpeg 1024w, https:\/\/radiostudiow.com.br\/site\/wp-content\/uploads\/2024\/06\/02-300x300.jpeg 300w, https:\/\/radiostudiow.com.br\/site\/wp-content\/uploads\/2024\/06\/02-768x768.jpeg 768w, https:\/\/radiostudiow.com.br\/site\/wp-content\/uploads\/2024\/06\/02-80x80.jpeg 80w, https:\/\/radiostudiow.com.br\/site\/wp-content\/uploads\/2024\/06\/02.jpeg 1080w\" sizes=\"auto, (max-width: 1024px) 100vw, 1024px\" \/><\/figure>\n","protected":false},"excerpt":{"rendered":"<p>Longe de ser um dia de celebra\u00e7\u00e3o, este \u00e9 um dia de protesto e de reflex\u00e3o criado pela ONU em 1982. H\u00e1 crian\u00e7as que todos os dias s\u00e3o v\u00edtimas de agress\u00e3o f\u00edsica e psicol\u00f3gica no mundo inteiro, inclusivamente nas suas pr\u00f3prias casas, por seus familiares. Este dia relembra todas as v\u00edtimas infantis de afogamento, envenenamento, [&hellip;]<\/p>\n","protected":false},"author":2,"featured_media":23226,"comment_status":"open","ping_status":"open","sticky":false,"template":"","format":"standard","meta":{"footnotes":""},"categories":[7],"tags":[172],"class_list":["post-23225","post","type-post","status-publish","format-standard","has-post-thumbnail","hentry","category-geral","tag-featured"],"amp_enabled":true,"_links":{"self":[{"href":"https:\/\/radiostudiow.com.br\/site\/wp-json\/wp\/v2\/posts\/23225","targetHints":{"allow":["GET"]}}],"collection":[{"href":"https:\/\/radiostudiow.com.br\/site\/wp-json\/wp\/v2\/posts"}],"about":[{"href":"https:\/\/radiostudiow.com.br\/site\/wp-json\/wp\/v2\/types\/post"}],"author":[{"embeddable":true,"href":"https:\/\/radiostudiow.com.br\/site\/wp-json\/wp\/v2\/users\/2"}],"replies":[{"embeddable":true,"href":"https:\/\/radiostudiow.com.br\/site\/wp-json\/wp\/v2\/comments?post=23225"}],"version-history":[{"count":1,"href":"https:\/\/radiostudiow.com.br\/site\/wp-json\/wp\/v2\/posts\/23225\/revisions"}],"predecessor-version":[{"id":23228,"href":"https:\/\/radiostudiow.com.br\/site\/wp-json\/wp\/v2\/posts\/23225\/revisions\/23228"}],"wp:featuredmedia":[{"embeddable":true,"href":"https:\/\/radiostudiow.com.br\/site\/wp-json\/wp\/v2\/media\/23226"}],"wp:attachment":[{"href":"https:\/\/radiostudiow.com.br\/site\/wp-json\/wp\/v2\/media?parent=23225"}],"wp:term":[{"taxonomy":"category","embeddable":true,"href":"https:\/\/radiostudiow.com.br\/site\/wp-json\/wp\/v2\/categories?post=23225"},{"taxonomy":"post_tag","embeddable":true,"href":"https:\/\/radiostudiow.com.br\/site\/wp-json\/wp\/v2\/tags?post=23225"}],"curies":[{"name":"wp","href":"https:\/\/api.w.org\/{rel}","templated":true}]}}