{"id":23237,"date":"2024-06-05T10:12:58","date_gmt":"2024-06-05T13:12:58","guid":{"rendered":"https:\/\/radiostudiow.com.br\/site\/?p=23237"},"modified":"2025-01-31T14:59:17","modified_gmt":"2025-01-31T17:59:17","slug":"boletim-da-saude-registra-mais-32-mil-novos-casos-e-21-obitos-por-dengue-no-parana","status":"publish","type":"post","link":"https:\/\/radiostudiow.com.br\/site\/2024\/06\/05\/boletim-da-saude-registra-mais-32-mil-novos-casos-e-21-obitos-por-dengue-no-parana\/","title":{"rendered":"Boletim da Sa\u00fade registra mais 32 mil novos casos e 21 \u00f3bitos por dengue no Paran\u00e1"},"content":{"rendered":"\n<p>A Secretaria de Estado da Sa\u00fade (Sesa) divulgou nesta ter\u00e7a-feira (04) o novo boletim epidemiol\u00f3gico semanal da dengue. O Paran\u00e1 registrou mais 42.180 notifica\u00e7\u00f5es, 32.085 novos casos da doen\u00e7a e 21 \u00f3bitos.<\/p>\n\n\n\n<figure class=\"wp-block-image size-full\"><img decoding=\"async\" src=\"https:\/\/radiostudiow.com.br\/site\/wp-content\/uploads\/2024\/04\/image-42.png\" alt=\"\" class=\"wp-image-21334\"\/><\/figure>\n\n\n\n<p>Ao todo, desde o in\u00edcio deste per\u00edodo epidemiol\u00f3gico, em julho de 2023, o Estado contabiliza 813.622 notifica\u00e7\u00f5es, 463.097 casos e 379 mortes em decorr\u00eancia da dengue.<br>Os 21 novos \u00f3bitos ocorreram entre 31 de janeiro e 25 de maio. S\u00e3o 11 homens e 10 mulheres com idades entre sete e 93 anos. As pessoas residiam em Guaratuba, Morretes, Ponta Grossa, Pato Branco, Amp\u00e9re, Manfrin\u00f3polis, Salgado Filho, Santo Ant\u00f4nio do Sudoeste, Foz do Igua\u00e7u (2), Cascavel (2), Ivat\u00e9, Umuarama, Paranava\u00ed, Faxinal (5) e Tel\u00eamaco Borba. Desse total, 11 apresentavam comorbidades.<\/p>\n\n\n\n<figure class=\"wp-block-image size-full is-resized\"><img loading=\"lazy\" decoding=\"async\" width=\"800\" height=\"720\" src=\"https:\/\/radiostudiow.com.br\/site\/wp-content\/uploads\/2024\/05\/01-6.jpg\" alt=\"\" class=\"wp-image-22870\" style=\"width:429px;height:auto\" srcset=\"https:\/\/radiostudiow.com.br\/site\/wp-content\/uploads\/2024\/05\/01-6.jpg 800w, https:\/\/radiostudiow.com.br\/site\/wp-content\/uploads\/2024\/05\/01-6-300x270.jpg 300w, https:\/\/radiostudiow.com.br\/site\/wp-content\/uploads\/2024\/05\/01-6-768x691.jpg 768w\" sizes=\"auto, (max-width: 800px) 100vw, 800px\" \/><\/figure>\n\n\n\n<p><br>De acordo com o boletim, a Regional de Sa\u00fade de Francisco Beltr\u00e3o possui mais confirma\u00e7\u00f5es em n\u00fameros absolutos, com 58.003 casos, seguida pela RS de Cascavel, com 56.007, e a RS de Londrina, com 52.214 casos. Com rela\u00e7\u00e3o aos \u00f3bitos, a RS de Londrina apresentou o maior n\u00famero (69), seguida pela Regional de Cascavel (60) e de Francisco Beltr\u00e3o (50).<\/p>\n","protected":false},"excerpt":{"rendered":"<p>A Secretaria de Estado da Sa\u00fade (Sesa) divulgou nesta ter\u00e7a-feira (04) o novo boletim epidemiol\u00f3gico semanal da dengue. O Paran\u00e1 registrou mais 42.180 notifica\u00e7\u00f5es, 32.085 novos casos da doen\u00e7a e 21 \u00f3bitos. Ao todo, desde o in\u00edcio deste per\u00edodo epidemiol\u00f3gico, em julho de 2023, o Estado contabiliza 813.622 notifica\u00e7\u00f5es, 463.097 casos e 379 mortes em [&hellip;]<\/p>\n","protected":false},"author":2,"featured_media":20479,"comment_status":"open","ping_status":"open","sticky":false,"template":"","format":"standard","meta":{"footnotes":""},"categories":[7],"tags":[172],"class_list":["post-23237","post","type-post","status-publish","format-standard","has-post-thumbnail","hentry","category-geral","tag-featured"],"amp_enabled":true,"_links":{"self":[{"href":"https:\/\/radiostudiow.com.br\/site\/wp-json\/wp\/v2\/posts\/23237","targetHints":{"allow":["GET"]}}],"collection":[{"href":"https:\/\/radiostudiow.com.br\/site\/wp-json\/wp\/v2\/posts"}],"about":[{"href":"https:\/\/radiostudiow.com.br\/site\/wp-json\/wp\/v2\/types\/post"}],"author":[{"embeddable":true,"href":"https:\/\/radiostudiow.com.br\/site\/wp-json\/wp\/v2\/users\/2"}],"replies":[{"embeddable":true,"href":"https:\/\/radiostudiow.com.br\/site\/wp-json\/wp\/v2\/comments?post=23237"}],"version-history":[{"count":1,"href":"https:\/\/radiostudiow.com.br\/site\/wp-json\/wp\/v2\/posts\/23237\/revisions"}],"predecessor-version":[{"id":23238,"href":"https:\/\/radiostudiow.com.br\/site\/wp-json\/wp\/v2\/posts\/23237\/revisions\/23238"}],"wp:featuredmedia":[{"embeddable":true,"href":"https:\/\/radiostudiow.com.br\/site\/wp-json\/wp\/v2\/media\/20479"}],"wp:attachment":[{"href":"https:\/\/radiostudiow.com.br\/site\/wp-json\/wp\/v2\/media?parent=23237"}],"wp:term":[{"taxonomy":"category","embeddable":true,"href":"https:\/\/radiostudiow.com.br\/site\/wp-json\/wp\/v2\/categories?post=23237"},{"taxonomy":"post_tag","embeddable":true,"href":"https:\/\/radiostudiow.com.br\/site\/wp-json\/wp\/v2\/tags?post=23237"}],"curies":[{"name":"wp","href":"https:\/\/api.w.org\/{rel}","templated":true}]}}