{"id":23257,"date":"2024-06-05T17:19:09","date_gmt":"2024-06-05T20:19:09","guid":{"rendered":"https:\/\/radiostudiow.com.br\/site\/?p=23257"},"modified":"2025-01-31T14:59:17","modified_gmt":"2025-01-31T17:59:17","slug":"pm-encontra-carro-levado-por-filho-em-caso-de-apropriacao-indebita","status":"publish","type":"post","link":"https:\/\/radiostudiow.com.br\/site\/2024\/06\/05\/pm-encontra-carro-levado-por-filho-em-caso-de-apropriacao-indebita\/","title":{"rendered":"PM encontra carro levado por filho em caso de apropria\u00e7\u00e3o ind\u00e9bita"},"content":{"rendered":"\n<p>Um homem foi detido na tarde desta ter\u00e7a-feira, no bairro Ponte Nova,\u00a0 em Uni\u00e3o da Vit\u00f3ria ap\u00f3s ter se apossado de um ve\u00edculo Ford\/Ka que pertence a sua m\u00e3e.<\/p>\n\n\n\n<figure class=\"wp-block-image size-full\"><img loading=\"lazy\" decoding=\"async\" width=\"897\" height=\"204\" src=\"https:\/\/radiostudiow.com.br\/site\/wp-content\/uploads\/2024\/04\/image-37.png\" alt=\"\" class=\"wp-image-21305\" srcset=\"https:\/\/radiostudiow.com.br\/site\/wp-content\/uploads\/2024\/04\/image-37.png 897w, https:\/\/radiostudiow.com.br\/site\/wp-content\/uploads\/2024\/04\/image-37-300x68.png 300w, https:\/\/radiostudiow.com.br\/site\/wp-content\/uploads\/2024\/04\/image-37-768x175.png 768w\" sizes=\"auto, (max-width: 897px) 100vw, 897px\" \/><\/figure>\n\n\n\n<p>A equipe da Pol\u00edcia Militar&nbsp; estava em patrulhamento quando avistou o ve\u00edculo em um terreno. Ao se aproximarem, os policiais encontraram um homem pr\u00f3ximo ao carro. Na revista pessoal, as chaves do Ford\/Ka foram encontradas em seu poder.<\/p>\n\n\n\n<p>Diante da situa\u00e7\u00e3o, o homem foi detido em flagrante pelo crime de apropria\u00e7\u00e3o ind\u00e9bita e encaminhado para a 4\u00aa Subdivis\u00e3o Policial (SDP) para os procedimentos cab\u00edveis pela Pol\u00edcia Judici\u00e1ria.<\/p>\n\n\n\n<figure class=\"wp-block-image size-full\"><img decoding=\"async\" src=\"https:\/\/radiostudiow.com.br\/site\/wp-content\/uploads\/2024\/04\/image-55.png\" alt=\"\" class=\"wp-image-21389\"\/><\/figure>\n\n\n\n<figure class=\"wp-block-embed is-type-wp-embed is-provider-studio-w wp-block-embed-studio-w\"><div class=\"wp-block-embed__wrapper\">\n<blockquote class=\"wp-embedded-content\" data-secret=\"JOxD7vLhM0\"><a href=\"https:\/\/radiostudiow.com.br\/site\/2024\/06\/04\/moradora-de-paula-freitas-procura-policia-apos-filho-levar-seu-carro-sem-autorizacao\/\">Moradora de Paula Freitas procura pol\u00edcia ap\u00f3s filho levar seu carro sem autoriza\u00e7\u00e3o<\/a><\/blockquote><iframe loading=\"lazy\" class=\"wp-embedded-content\" sandbox=\"allow-scripts\" security=\"restricted\" style=\"position: absolute; clip: rect(1px, 1px, 1px, 1px);\" title=\"&#8220;Moradora de Paula Freitas procura pol\u00edcia ap\u00f3s filho levar seu carro sem autoriza\u00e7\u00e3o&#8221; &#8212; Studio W\" src=\"https:\/\/radiostudiow.com.br\/site\/2024\/06\/04\/moradora-de-paula-freitas-procura-policia-apos-filho-levar-seu-carro-sem-autorizacao\/embed\/#?secret=Wn4rnuU0UW#?secret=JOxD7vLhM0\" data-secret=\"JOxD7vLhM0\" width=\"600\" height=\"338\" frameborder=\"0\" marginwidth=\"0\" marginheight=\"0\" scrolling=\"no\"><\/iframe>\n<\/div><\/figure>\n","protected":false},"excerpt":{"rendered":"<p>Um homem foi detido na tarde desta ter\u00e7a-feira, no bairro Ponte Nova,\u00a0 em Uni\u00e3o da Vit\u00f3ria ap\u00f3s ter se apossado de um ve\u00edculo Ford\/Ka que pertence a sua m\u00e3e. A equipe da Pol\u00edcia Militar&nbsp; estava em patrulhamento quando avistou o ve\u00edculo em um terreno. Ao se aproximarem, os policiais encontraram um homem pr\u00f3ximo ao carro. [&hellip;]<\/p>\n","protected":false},"author":2,"featured_media":18707,"comment_status":"open","ping_status":"open","sticky":false,"template":"","format":"standard","meta":{"footnotes":""},"categories":[2],"tags":[172],"class_list":["post-23257","post","type-post","status-publish","format-standard","has-post-thumbnail","hentry","category-policial","tag-featured"],"amp_enabled":true,"_links":{"self":[{"href":"https:\/\/radiostudiow.com.br\/site\/wp-json\/wp\/v2\/posts\/23257","targetHints":{"allow":["GET"]}}],"collection":[{"href":"https:\/\/radiostudiow.com.br\/site\/wp-json\/wp\/v2\/posts"}],"about":[{"href":"https:\/\/radiostudiow.com.br\/site\/wp-json\/wp\/v2\/types\/post"}],"author":[{"embeddable":true,"href":"https:\/\/radiostudiow.com.br\/site\/wp-json\/wp\/v2\/users\/2"}],"replies":[{"embeddable":true,"href":"https:\/\/radiostudiow.com.br\/site\/wp-json\/wp\/v2\/comments?post=23257"}],"version-history":[{"count":1,"href":"https:\/\/radiostudiow.com.br\/site\/wp-json\/wp\/v2\/posts\/23257\/revisions"}],"predecessor-version":[{"id":23258,"href":"https:\/\/radiostudiow.com.br\/site\/wp-json\/wp\/v2\/posts\/23257\/revisions\/23258"}],"wp:featuredmedia":[{"embeddable":true,"href":"https:\/\/radiostudiow.com.br\/site\/wp-json\/wp\/v2\/media\/18707"}],"wp:attachment":[{"href":"https:\/\/radiostudiow.com.br\/site\/wp-json\/wp\/v2\/media?parent=23257"}],"wp:term":[{"taxonomy":"category","embeddable":true,"href":"https:\/\/radiostudiow.com.br\/site\/wp-json\/wp\/v2\/categories?post=23257"},{"taxonomy":"post_tag","embeddable":true,"href":"https:\/\/radiostudiow.com.br\/site\/wp-json\/wp\/v2\/tags?post=23257"}],"curies":[{"name":"wp","href":"https:\/\/api.w.org\/{rel}","templated":true}]}}