{"id":23320,"date":"2024-06-08T09:52:16","date_gmt":"2024-06-08T12:52:16","guid":{"rendered":"https:\/\/radiostudiow.com.br\/site\/?p=23320"},"modified":"2025-01-31T14:59:16","modified_gmt":"2025-01-31T17:59:16","slug":"homem-procura-policia-apos-ser-ameacado-em-paulo-frontin","status":"publish","type":"post","link":"https:\/\/radiostudiow.com.br\/site\/2024\/06\/08\/homem-procura-policia-apos-ser-ameacado-em-paulo-frontin\/","title":{"rendered":"Homem procura pol\u00edcia ap\u00f3s ser amea\u00e7ado em Paulo Frontin"},"content":{"rendered":"\n<p>Um senhor compareceu ao Pelot\u00e3o da Pol\u00edcia Militar de Paulo Frontin por volta das 18 horas dessa sexta-feira, 07 de junho, relatando uma situa\u00e7\u00e3o de amea\u00e7a.<\/p>\n\n\n\n<figure class=\"wp-block-image size-large\"><img loading=\"lazy\" decoding=\"async\" width=\"1024\" height=\"390\" src=\"https:\/\/radiostudiow.com.br\/site\/wp-content\/uploads\/2024\/06\/image-2-1024x390.png\" alt=\"\" class=\"wp-image-23309\" srcset=\"https:\/\/radiostudiow.com.br\/site\/wp-content\/uploads\/2024\/06\/image-2-1024x390.png 1024w, https:\/\/radiostudiow.com.br\/site\/wp-content\/uploads\/2024\/06\/image-2-300x114.png 300w, https:\/\/radiostudiow.com.br\/site\/wp-content\/uploads\/2024\/06\/image-2-768x292.png 768w, https:\/\/radiostudiow.com.br\/site\/wp-content\/uploads\/2024\/06\/image-2-1536x584.png 1536w, https:\/\/radiostudiow.com.br\/site\/wp-content\/uploads\/2024\/06\/image-2-2048x779.png 2048w\" sizes=\"auto, (max-width: 1024px) 100vw, 1024px\" \/><\/figure>\n\n\n\n<p>O morador da localidade Barreiros passou a relatar que seu conhecido lhe amea\u00e7ou de morte por \u00e1udio no WhatsApp e pessoalmente.<\/p>\n\n\n\n<p>Diante da situa\u00e7\u00e3o o solicitante foi orientado pelos policiais quanto a seus direitos e aos procedimentos cab\u00edveis.<\/p>\n","protected":false},"excerpt":{"rendered":"<p>Um senhor compareceu ao Pelot\u00e3o da Pol\u00edcia Militar de Paulo Frontin por volta das 18 horas dessa sexta-feira, 07 de junho, relatando uma situa\u00e7\u00e3o de amea\u00e7a. O morador da localidade Barreiros passou a relatar que seu conhecido lhe amea\u00e7ou de morte por \u00e1udio no WhatsApp e pessoalmente. Diante da situa\u00e7\u00e3o o solicitante foi orientado pelos [&hellip;]<\/p>\n","protected":false},"author":2,"featured_media":20850,"comment_status":"open","ping_status":"open","sticky":false,"template":"","format":"standard","meta":{"footnotes":""},"categories":[2],"tags":[172],"class_list":["post-23320","post","type-post","status-publish","format-standard","has-post-thumbnail","hentry","category-policial","tag-featured"],"amp_enabled":true,"_links":{"self":[{"href":"https:\/\/radiostudiow.com.br\/site\/wp-json\/wp\/v2\/posts\/23320","targetHints":{"allow":["GET"]}}],"collection":[{"href":"https:\/\/radiostudiow.com.br\/site\/wp-json\/wp\/v2\/posts"}],"about":[{"href":"https:\/\/radiostudiow.com.br\/site\/wp-json\/wp\/v2\/types\/post"}],"author":[{"embeddable":true,"href":"https:\/\/radiostudiow.com.br\/site\/wp-json\/wp\/v2\/users\/2"}],"replies":[{"embeddable":true,"href":"https:\/\/radiostudiow.com.br\/site\/wp-json\/wp\/v2\/comments?post=23320"}],"version-history":[{"count":1,"href":"https:\/\/radiostudiow.com.br\/site\/wp-json\/wp\/v2\/posts\/23320\/revisions"}],"predecessor-version":[{"id":23321,"href":"https:\/\/radiostudiow.com.br\/site\/wp-json\/wp\/v2\/posts\/23320\/revisions\/23321"}],"wp:featuredmedia":[{"embeddable":true,"href":"https:\/\/radiostudiow.com.br\/site\/wp-json\/wp\/v2\/media\/20850"}],"wp:attachment":[{"href":"https:\/\/radiostudiow.com.br\/site\/wp-json\/wp\/v2\/media?parent=23320"}],"wp:term":[{"taxonomy":"category","embeddable":true,"href":"https:\/\/radiostudiow.com.br\/site\/wp-json\/wp\/v2\/categories?post=23320"},{"taxonomy":"post_tag","embeddable":true,"href":"https:\/\/radiostudiow.com.br\/site\/wp-json\/wp\/v2\/tags?post=23320"}],"curies":[{"name":"wp","href":"https:\/\/api.w.org\/{rel}","templated":true}]}}