{"id":23322,"date":"2024-06-08T10:06:55","date_gmt":"2024-06-08T13:06:55","guid":{"rendered":"https:\/\/radiostudiow.com.br\/site\/?p=23322"},"modified":"2025-01-31T14:59:16","modified_gmt":"2025-01-31T17:59:16","slug":"suspeitos-de-trafico-de-drogas-sao-detidos-no-rio-dareia","status":"publish","type":"post","link":"https:\/\/radiostudiow.com.br\/site\/2024\/06\/08\/suspeitos-de-trafico-de-drogas-sao-detidos-no-rio-dareia\/","title":{"rendered":"Suspeitos de tr\u00e1fico de drogas s\u00e3o presos em Uni\u00e3o da Vit\u00f3ria"},"content":{"rendered":"\n<p>Um homem foi preso por suspeita de tr\u00e1fico de drogas ap\u00f3s uma den\u00fancia an\u00f4nima por volta das 23 horas desta sexta-feira, 07 de junho, no bairro Rio da Areia.<\/p>\n\n\n\n<figure class=\"wp-block-image size-large is-resized\"><img decoding=\"async\" src=\"https:\/\/radiostudiow.com.br\/site\/wp-content\/uploads\/2024\/04\/PP-thumb-banner-miniatura1920x1080-1024x576.jpg\" alt=\"\" class=\"wp-image-22019\" style=\"width:443px;height:auto\"\/><\/figure>\n\n\n\n<p>A equipe da Pol\u00edcia Militar recebeu uma den\u00fancia an\u00f4nima informando que um homem estaria realizando o com\u00e9rcio de entorpecentes.<\/p>\n\n\n\n<p>Durante patrulhamento, a equipe visualizou um indiv\u00edduo que saiu correndo para os fundos de uma resid\u00eancia. O indiv\u00edduo foi abordado e, na busca pessoal, nenhum il\u00edcito foi encontrado.\u00a0Com a autoriza\u00e7\u00e3o do propriet\u00e1rio da resid\u00eancia, a PM realizou uma busca domiciliar.<\/p>\n\n\n\n<figure class=\"wp-block-image size-full is-resized\"><img loading=\"lazy\" decoding=\"async\" width=\"598\" height=\"204\" src=\"https:\/\/radiostudiow.com.br\/site\/wp-content\/uploads\/2024\/04\/image-29.png\" alt=\"\" class=\"wp-image-21283\" style=\"width:453px;height:auto\" srcset=\"https:\/\/radiostudiow.com.br\/site\/wp-content\/uploads\/2024\/04\/image-29.png 598w, https:\/\/radiostudiow.com.br\/site\/wp-content\/uploads\/2024\/04\/image-29-300x102.png 300w\" sizes=\"auto, (max-width: 598px) 100vw, 598px\" \/><\/figure>\n\n\n\n<p>Durante a busca, foi localizado um recipiente que continha subst\u00e2ncia an\u00e1loga \u00e0 maconha.\u00a0O suspeito foi preso e encaminhado \u00e0 Delegacia de Pol\u00edcia para as provid\u00eancias cab\u00edveis.<\/p>\n","protected":false},"excerpt":{"rendered":"<p>Um homem foi preso por suspeita de tr\u00e1fico de drogas ap\u00f3s uma den\u00fancia an\u00f4nima por volta das 23 horas desta sexta-feira, 07 de junho, no bairro Rio da Areia. A equipe da Pol\u00edcia Militar recebeu uma den\u00fancia an\u00f4nima informando que um homem estaria realizando o com\u00e9rcio de entorpecentes. Durante patrulhamento, a equipe visualizou um indiv\u00edduo [&hellip;]<\/p>\n","protected":false},"author":2,"featured_media":23323,"comment_status":"open","ping_status":"open","sticky":false,"template":"","format":"standard","meta":{"footnotes":""},"categories":[2],"tags":[172],"class_list":["post-23322","post","type-post","status-publish","format-standard","has-post-thumbnail","hentry","category-policial","tag-featured"],"amp_enabled":true,"_links":{"self":[{"href":"https:\/\/radiostudiow.com.br\/site\/wp-json\/wp\/v2\/posts\/23322","targetHints":{"allow":["GET"]}}],"collection":[{"href":"https:\/\/radiostudiow.com.br\/site\/wp-json\/wp\/v2\/posts"}],"about":[{"href":"https:\/\/radiostudiow.com.br\/site\/wp-json\/wp\/v2\/types\/post"}],"author":[{"embeddable":true,"href":"https:\/\/radiostudiow.com.br\/site\/wp-json\/wp\/v2\/users\/2"}],"replies":[{"embeddable":true,"href":"https:\/\/radiostudiow.com.br\/site\/wp-json\/wp\/v2\/comments?post=23322"}],"version-history":[{"count":2,"href":"https:\/\/radiostudiow.com.br\/site\/wp-json\/wp\/v2\/posts\/23322\/revisions"}],"predecessor-version":[{"id":23326,"href":"https:\/\/radiostudiow.com.br\/site\/wp-json\/wp\/v2\/posts\/23322\/revisions\/23326"}],"wp:featuredmedia":[{"embeddable":true,"href":"https:\/\/radiostudiow.com.br\/site\/wp-json\/wp\/v2\/media\/23323"}],"wp:attachment":[{"href":"https:\/\/radiostudiow.com.br\/site\/wp-json\/wp\/v2\/media?parent=23322"}],"wp:term":[{"taxonomy":"category","embeddable":true,"href":"https:\/\/radiostudiow.com.br\/site\/wp-json\/wp\/v2\/categories?post=23322"},{"taxonomy":"post_tag","embeddable":true,"href":"https:\/\/radiostudiow.com.br\/site\/wp-json\/wp\/v2\/tags?post=23322"}],"curies":[{"name":"wp","href":"https:\/\/api.w.org\/{rel}","templated":true}]}}