{"id":23327,"date":"2024-06-08T10:24:38","date_gmt":"2024-06-08T13:24:38","guid":{"rendered":"https:\/\/radiostudiow.com.br\/site\/?p=23327"},"modified":"2025-01-31T14:59:16","modified_gmt":"2025-01-31T17:59:16","slug":"policia-militar-apreende-arma-de-fogo-e-municoes-na-pr-170-em-bituruna","status":"publish","type":"post","link":"https:\/\/radiostudiow.com.br\/site\/2024\/06\/08\/policia-militar-apreende-arma-de-fogo-e-municoes-na-pr-170-em-bituruna\/","title":{"rendered":"Pol\u00edcia Militar apreende arma de fogo e muni\u00e7\u00f5es em Bituruna"},"content":{"rendered":"\n<p>A equipe da Pol\u00edcia Militar de Bituruna apreendeu um rev\u00f3lver calibre .38 e oito muni\u00e7\u00f5es durante uma patrulha preventiva na PR- 170 nas proximidades do Mirante da Usina Foz do Areia por volta das 17 horas de sexta-feira (07).<\/p>\n\n\n\n<figure class=\"wp-block-image size-full\"><img decoding=\"async\" src=\"https:\/\/radiostudiow.com.br\/site\/wp-content\/uploads\/2024\/04\/image-55.png\" alt=\"\" class=\"wp-image-21389\"\/><\/figure>\n\n\n\n<p>A equipe da ROTAM realizava patrulhamento preventivo quando avistou um ve\u00edculo parado em local ermo e de baixa luminosidade.&nbsp;Por se tratar de uma situa\u00e7\u00e3o suspeita, a equipe da PM abordou o ve\u00edculo.&nbsp;Durante a abordagem, foi encontrado no interior do ve\u00edculo um rev\u00f3lver calibre .38 e oito muni\u00e7\u00f5es.&nbsp;Diante dos fatos, o condutor do ve\u00edculo foi preso e encaminhado \u00e0 Delegacia de Pol\u00edcia, junto com a arma e as muni\u00e7\u00f5es apreendidas.<\/p>\n","protected":false},"excerpt":{"rendered":"<p>A equipe da Pol\u00edcia Militar de Bituruna apreendeu um rev\u00f3lver calibre .38 e oito muni\u00e7\u00f5es durante uma patrulha preventiva na PR- 170 nas proximidades do Mirante da Usina Foz do Areia por volta das 17 horas de sexta-feira (07). A equipe da ROTAM realizava patrulhamento preventivo quando avistou um ve\u00edculo parado em local ermo e [&hellip;]<\/p>\n","protected":false},"author":2,"featured_media":23328,"comment_status":"open","ping_status":"open","sticky":false,"template":"","format":"standard","meta":{"footnotes":""},"categories":[2],"tags":[172],"class_list":["post-23327","post","type-post","status-publish","format-standard","has-post-thumbnail","hentry","category-policial","tag-featured"],"amp_enabled":true,"_links":{"self":[{"href":"https:\/\/radiostudiow.com.br\/site\/wp-json\/wp\/v2\/posts\/23327","targetHints":{"allow":["GET"]}}],"collection":[{"href":"https:\/\/radiostudiow.com.br\/site\/wp-json\/wp\/v2\/posts"}],"about":[{"href":"https:\/\/radiostudiow.com.br\/site\/wp-json\/wp\/v2\/types\/post"}],"author":[{"embeddable":true,"href":"https:\/\/radiostudiow.com.br\/site\/wp-json\/wp\/v2\/users\/2"}],"replies":[{"embeddable":true,"href":"https:\/\/radiostudiow.com.br\/site\/wp-json\/wp\/v2\/comments?post=23327"}],"version-history":[{"count":2,"href":"https:\/\/radiostudiow.com.br\/site\/wp-json\/wp\/v2\/posts\/23327\/revisions"}],"predecessor-version":[{"id":23330,"href":"https:\/\/radiostudiow.com.br\/site\/wp-json\/wp\/v2\/posts\/23327\/revisions\/23330"}],"wp:featuredmedia":[{"embeddable":true,"href":"https:\/\/radiostudiow.com.br\/site\/wp-json\/wp\/v2\/media\/23328"}],"wp:attachment":[{"href":"https:\/\/radiostudiow.com.br\/site\/wp-json\/wp\/v2\/media?parent=23327"}],"wp:term":[{"taxonomy":"category","embeddable":true,"href":"https:\/\/radiostudiow.com.br\/site\/wp-json\/wp\/v2\/categories?post=23327"},{"taxonomy":"post_tag","embeddable":true,"href":"https:\/\/radiostudiow.com.br\/site\/wp-json\/wp\/v2\/tags?post=23327"}],"curies":[{"name":"wp","href":"https:\/\/api.w.org\/{rel}","templated":true}]}}