{"id":23331,"date":"2024-06-08T10:36:45","date_gmt":"2024-06-08T13:36:45","guid":{"rendered":"https:\/\/radiostudiow.com.br\/site\/?p=23331"},"modified":"2025-01-31T14:59:16","modified_gmt":"2025-01-31T17:59:16","slug":"grupo-de-devotos-de-rio-azul-realiza-viagem-a-cavalo-para-aparecida","status":"publish","type":"post","link":"https:\/\/radiostudiow.com.br\/site\/2024\/06\/08\/grupo-de-devotos-de-rio-azul-realiza-viagem-a-cavalo-para-aparecida\/","title":{"rendered":"Grupo de devotos de Rio Azul realiza viagem a cavalo para Aparecida"},"content":{"rendered":"\n<figure class=\"wp-block-image size-full\"><img decoding=\"async\" src=\"https:\/\/radiostudiow.com.br\/site\/wp-content\/uploads\/2024\/04\/SITE-MEDIO.png\" alt=\"\" class=\"wp-image-21854\"\/><\/figure>\n\n\n\n<p>No dia 1\u00ba de junho, o grupo Tropeiros da Paz, de Rio Azul, iniciou uma viagem a cavalo com destino ao Santu\u00e1rio Nacional de Nossa Senhora Aparecida, em Aparecida, S\u00e3o Paulo. A previs\u00e3o de chegada no destino final \u00e9 para o dia 26 deste mesmo m\u00eas, visto que o grupo anda, em m\u00e9dia, seis horas por dia para preservar o bem-estar dos cavalos, permitindo que os animais descansem cerca de 18 horas di\u00e1rias.<\/p>\n\n\n\n<p>O grupo, que foi fundado em 25 de maio de 2011, possui o objetivo de fortalecer la\u00e7os de amizade, independente dos lugares que passarem. Como s\u00e3o devotos de Nossa Senhora Aparecida, decidiram visitar o santu\u00e1rio e fazer o caminho montados em cavalos, para reviver o tropeirismo, uma atividade realizada por homens no per\u00edodo colonial brasileiro.<br>Os cavaleiros que est\u00e3o participando desta aventura s\u00e3o: Quirino Alfredo Bucco, Edilson Kruk, Sergio Kovalski, Nestor Garanteski, Juliano Soares e Sergio Spek. Como apoio, est\u00e3o acompanhando o grupo Ozio Garanteski, Greg\u00f3rio Pelek e Ari Pszybysz.<\/p>\n\n\n\n<figure class=\"wp-block-image size-full\"><img loading=\"lazy\" decoding=\"async\" width=\"897\" height=\"204\" src=\"https:\/\/radiostudiow.com.br\/site\/wp-content\/uploads\/2024\/04\/image-38.png\" alt=\"\" class=\"wp-image-21308\" srcset=\"https:\/\/radiostudiow.com.br\/site\/wp-content\/uploads\/2024\/04\/image-38.png 897w, https:\/\/radiostudiow.com.br\/site\/wp-content\/uploads\/2024\/04\/image-38-300x68.png 300w, https:\/\/radiostudiow.com.br\/site\/wp-content\/uploads\/2024\/04\/image-38-768x175.png 768w\" sizes=\"auto, (max-width: 897px) 100vw, 897px\" \/><\/figure>\n\n\n\n<p>Destes participantes, alguns realizam este trajeto pela primeira vez. Quirino Bucco est\u00e1 participando da viagem pela 4\u00aa vez, e fala sobre o andamento desta aventura. <strong><em>\u201cNessa primeira semana ocorreu tudo tranquilo, sem nenhum imprevisto. Os que est\u00e3o aqui a primeira vez est\u00e3o gostando por demais. Eu ando a cavalo desde crian\u00e7a e sempre gostei, no \u00faltimo dia 04 completei 62 anos, na estrada, a festa foi em Carambe\u00ed, com muito estilo e galhardia\u201d, relatou.<\/em><\/strong><\/p>\n\n\n\n<p>Quirino conta que j\u00e1 fez este mesmo trajeto em 2017, por\u00e9m, naquele ano, percorreram ida e volta, passando 64 dias na estrada.<em><strong> \u201cN\u00e3o existem desafios, a f\u00e9 nos ajuda por todo o caminho\u201d, disse Quirino.<\/strong><\/em><\/p>\n\n\n\n<figure class=\"wp-block-image size-full\"><img loading=\"lazy\" decoding=\"async\" width=\"897\" height=\"204\" src=\"https:\/\/radiostudiow.com.br\/site\/wp-content\/uploads\/2024\/04\/image-51.png\" alt=\"\" class=\"wp-image-21370\" srcset=\"https:\/\/radiostudiow.com.br\/site\/wp-content\/uploads\/2024\/04\/image-51.png 897w, https:\/\/radiostudiow.com.br\/site\/wp-content\/uploads\/2024\/04\/image-51-300x68.png 300w, https:\/\/radiostudiow.com.br\/site\/wp-content\/uploads\/2024\/04\/image-51-768x175.png 768w\" sizes=\"auto, (max-width: 897px) 100vw, 897px\" \/><\/figure>\n\n\n\n<p><strong>TROPEIRISMO<br><\/strong>O tropeirismo surgiu como uma atividade comercial no s\u00e9culo XVII, com a finalidade de promover a interliga\u00e7\u00e3o dos polos econ\u00f4micos do Brasil. As mercadorias importadas e alimentos eram levados no lombo de mulas e cavalos, que cortavam v\u00e1rias trilhas capazes de integrar diferentes pontos da geografia nacional.<\/p>\n\n\n\n<p>Este movimento representou grande import\u00e2ncia para o fortalecimento da economia e crescimento da vida em espa\u00e7os rurais e pequenas cidades no sul, sudeste e centro-oeste do pa\u00eds. Mesmo com a expans\u00e3o do movimento tropeiro pelo territ\u00f3rio nacional, sua origem e principais tradi\u00e7\u00f5es carregam fortes tra\u00e7os da cultura ga\u00facha, como os ponchos, chap\u00e9us e botas, a alimenta\u00e7\u00e3o e at\u00e9 o vocabul\u00e1rio.<\/p>\n\n\n\n<figure class=\"wp-block-image size-full\"><img loading=\"lazy\" decoding=\"async\" width=\"1024\" height=\"768\" src=\"https:\/\/radiostudiow.com.br\/site\/wp-content\/uploads\/2024\/06\/cde144ad-tropeiros-2-1024x768-1.jpeg\" alt=\"\" class=\"wp-image-23333\" srcset=\"https:\/\/radiostudiow.com.br\/site\/wp-content\/uploads\/2024\/06\/cde144ad-tropeiros-2-1024x768-1.jpeg 1024w, https:\/\/radiostudiow.com.br\/site\/wp-content\/uploads\/2024\/06\/cde144ad-tropeiros-2-1024x768-1-300x225.jpeg 300w, https:\/\/radiostudiow.com.br\/site\/wp-content\/uploads\/2024\/06\/cde144ad-tropeiros-2-1024x768-1-768x576.jpeg 768w\" sizes=\"auto, (max-width: 1024px) 100vw, 1024px\" \/><\/figure>\n","protected":false},"excerpt":{"rendered":"<p>No dia 1\u00ba de junho, o grupo Tropeiros da Paz, de Rio Azul, iniciou uma viagem a cavalo com destino ao Santu\u00e1rio Nacional de Nossa Senhora Aparecida, em Aparecida, S\u00e3o Paulo. A previs\u00e3o de chegada no destino final \u00e9 para o dia 26 deste mesmo m\u00eas, visto que o grupo anda, em m\u00e9dia, seis horas [&hellip;]<\/p>\n","protected":false},"author":2,"featured_media":23332,"comment_status":"open","ping_status":"open","sticky":false,"template":"","format":"standard","meta":{"footnotes":""},"categories":[185],"tags":[172],"class_list":["post-23331","post","type-post","status-publish","format-standard","has-post-thumbnail","hentry","category-regional","tag-featured"],"amp_enabled":true,"_links":{"self":[{"href":"https:\/\/radiostudiow.com.br\/site\/wp-json\/wp\/v2\/posts\/23331","targetHints":{"allow":["GET"]}}],"collection":[{"href":"https:\/\/radiostudiow.com.br\/site\/wp-json\/wp\/v2\/posts"}],"about":[{"href":"https:\/\/radiostudiow.com.br\/site\/wp-json\/wp\/v2\/types\/post"}],"author":[{"embeddable":true,"href":"https:\/\/radiostudiow.com.br\/site\/wp-json\/wp\/v2\/users\/2"}],"replies":[{"embeddable":true,"href":"https:\/\/radiostudiow.com.br\/site\/wp-json\/wp\/v2\/comments?post=23331"}],"version-history":[{"count":1,"href":"https:\/\/radiostudiow.com.br\/site\/wp-json\/wp\/v2\/posts\/23331\/revisions"}],"predecessor-version":[{"id":23334,"href":"https:\/\/radiostudiow.com.br\/site\/wp-json\/wp\/v2\/posts\/23331\/revisions\/23334"}],"wp:featuredmedia":[{"embeddable":true,"href":"https:\/\/radiostudiow.com.br\/site\/wp-json\/wp\/v2\/media\/23332"}],"wp:attachment":[{"href":"https:\/\/radiostudiow.com.br\/site\/wp-json\/wp\/v2\/media?parent=23331"}],"wp:term":[{"taxonomy":"category","embeddable":true,"href":"https:\/\/radiostudiow.com.br\/site\/wp-json\/wp\/v2\/categories?post=23331"},{"taxonomy":"post_tag","embeddable":true,"href":"https:\/\/radiostudiow.com.br\/site\/wp-json\/wp\/v2\/tags?post=23331"}],"curies":[{"name":"wp","href":"https:\/\/api.w.org\/{rel}","templated":true}]}}