{"id":2334,"date":"2021-06-07T11:25:52","date_gmt":"2021-06-07T14:25:52","guid":{"rendered":"https:\/\/radiostudiow.com.br\/site\/?p=2334"},"modified":"2025-01-15T11:46:59","modified_gmt":"2025-01-15T14:46:59","slug":"obito-e-registrado-no-interior-de-cruz-machado","status":"publish","type":"post","link":"https:\/\/radiostudiow.com.br\/site\/2021\/06\/07\/obito-e-registrado-no-interior-de-cruz-machado\/","title":{"rendered":"\u00d3BITO \u00c9 REGISTRADO NO INTERIOR DE CRUZ MACHADO"},"content":{"rendered":"\n<p>As equipes de seguran\u00e7a p\u00fablica atendem nesta noite de s\u00e1bado, 05 de junho, a uma situa\u00e7\u00e3o de acidente de tr\u00e2nsito, no qual uma pessoa acabou morrendo no interior da cidade de Cruz Machado, na rodovia PR 447, que liga \u00e0 cidade de Uni\u00e3o da Vit\u00f3ria.<\/p>\n\n\n\n<p>Conforme informa\u00e7\u00f5es, a v\u00edtima se trata de um homem, o qual j\u00e1 estava sem vida no local. Ainda n\u00e3o h\u00e1 informa\u00e7\u00f5es precisas sobre como ocorreu a morte, mas a princ\u00edpio seria um atropelamento.<\/p>\n\n\n\n<p>O Instituto M\u00e9dico Legal \u2013 IML de Uni\u00e3o da Vit\u00f3ria foi acionado para deslocamento at\u00e9 Cruz Machado para recolhimento do corpo. A Pol\u00edcia Rodovi\u00e1ria Estadual \u2013 PRE tamb\u00e9m atende a ocorr\u00eancia.<\/p>\n\n\n\n<figure class=\"wp-block-image size-large\"><img decoding=\"async\" src=\"https:\/\/radiostudiow.com.br\/site\/wp-content\/uploads\/2021\/02\/vem_ai.jpg\" alt=\"\" class=\"wp-image-667\"\/><\/figure>\n","protected":false},"excerpt":{"rendered":"<p>As equipes de seguran\u00e7a p\u00fablica atendem nesta noite de s\u00e1bado, 05 de junho, a uma situa\u00e7\u00e3o de acidente de tr\u00e2nsito, no qual uma pessoa acabou morrendo no interior da cidade de Cruz Machado, na rodovia PR 447, que liga \u00e0 cidade de Uni\u00e3o da Vit\u00f3ria. Conforme informa\u00e7\u00f5es, a v\u00edtima se trata de um homem, o [&hellip;]<\/p>\n","protected":false},"author":2,"featured_media":2335,"comment_status":"open","ping_status":"open","sticky":false,"template":"","format":"standard","meta":{"footnotes":""},"categories":[2],"tags":[172],"class_list":["post-2334","post","type-post","status-publish","format-standard","has-post-thumbnail","hentry","category-policial","tag-featured"],"amp_enabled":true,"_links":{"self":[{"href":"https:\/\/radiostudiow.com.br\/site\/wp-json\/wp\/v2\/posts\/2334","targetHints":{"allow":["GET"]}}],"collection":[{"href":"https:\/\/radiostudiow.com.br\/site\/wp-json\/wp\/v2\/posts"}],"about":[{"href":"https:\/\/radiostudiow.com.br\/site\/wp-json\/wp\/v2\/types\/post"}],"author":[{"embeddable":true,"href":"https:\/\/radiostudiow.com.br\/site\/wp-json\/wp\/v2\/users\/2"}],"replies":[{"embeddable":true,"href":"https:\/\/radiostudiow.com.br\/site\/wp-json\/wp\/v2\/comments?post=2334"}],"version-history":[{"count":1,"href":"https:\/\/radiostudiow.com.br\/site\/wp-json\/wp\/v2\/posts\/2334\/revisions"}],"predecessor-version":[{"id":2336,"href":"https:\/\/radiostudiow.com.br\/site\/wp-json\/wp\/v2\/posts\/2334\/revisions\/2336"}],"wp:featuredmedia":[{"embeddable":true,"href":"https:\/\/radiostudiow.com.br\/site\/wp-json\/wp\/v2\/media\/2335"}],"wp:attachment":[{"href":"https:\/\/radiostudiow.com.br\/site\/wp-json\/wp\/v2\/media?parent=2334"}],"wp:term":[{"taxonomy":"category","embeddable":true,"href":"https:\/\/radiostudiow.com.br\/site\/wp-json\/wp\/v2\/categories?post=2334"},{"taxonomy":"post_tag","embeddable":true,"href":"https:\/\/radiostudiow.com.br\/site\/wp-json\/wp\/v2\/tags?post=2334"}],"curies":[{"name":"wp","href":"https:\/\/api.w.org\/{rel}","templated":true}]}}