{"id":23350,"date":"2024-06-10T11:19:33","date_gmt":"2024-06-10T14:19:33","guid":{"rendered":"https:\/\/radiostudiow.com.br\/site\/?p=23350"},"modified":"2025-01-31T14:59:16","modified_gmt":"2025-01-31T17:59:16","slug":"motorista-colide-com-barreira-em-fuga-pela-contramao-na-ponte-do-arco-em-uniao-da-vitoria","status":"publish","type":"post","link":"https:\/\/radiostudiow.com.br\/site\/2024\/06\/10\/motorista-colide-com-barreira-em-fuga-pela-contramao-na-ponte-do-arco-em-uniao-da-vitoria\/","title":{"rendered":"Motorista colide com barreira em fuga pela contram\u00e3o na Ponte do Arco em Uni\u00e3o da Vit\u00f3ria"},"content":{"rendered":"\n<p>Um homem ficou ferido ap\u00f3s colidir com uma barreira na Ponte do Arco, na Avenida Manoel Ribas em Uni\u00e3o da Vit\u00f3ria por volta das 03:43 horas desta segunda-feira (10).<\/p>\n\n\n\n<figure class=\"wp-block-image size-full\"><img loading=\"lazy\" decoding=\"async\" width=\"598\" height=\"204\" src=\"https:\/\/radiostudiow.com.br\/site\/wp-content\/uploads\/2024\/04\/image-29.png\" alt=\"\" class=\"wp-image-21283\" srcset=\"https:\/\/radiostudiow.com.br\/site\/wp-content\/uploads\/2024\/04\/image-29.png 598w, https:\/\/radiostudiow.com.br\/site\/wp-content\/uploads\/2024\/04\/image-29-300x102.png 300w\" sizes=\"auto, (max-width: 598px) 100vw, 598px\" \/><\/figure>\n\n\n\n<p>A equipe da Pol\u00edcia Militar estava em patrulhamento pela Avenida Manoel Ribas quando avistou um ve\u00edculo VW\/ Saveiro branco transitando na contram\u00e3o da via.&nbsp;Ao perceber a aproxima\u00e7\u00e3o da viatura policial, o motorista do Saveiro empreendeu fuga em alta velocidade, continuando na contram\u00e3o de dire\u00e7\u00e3o.<\/p>\n\n\n\n<p>A fuga seguiu sentido Ponte do Arco, e ao chegar ao final da ponte, o motorista perdeu o controle do ve\u00edculo e colidiu com uma barreira instalada devido a obras no local.<\/p>\n\n\n\n<figure class=\"wp-block-image size-full\"><img decoding=\"async\" src=\"https:\/\/radiostudiow.com.br\/site\/wp-content\/uploads\/2024\/04\/image-45.png\" alt=\"\" class=\"wp-image-21394\"\/><\/figure>\n\n\n\n<p>O Corpo de Bombeiros foi acionado para prestar atendimento ao motorista, que foi encaminhado ao hospital com ferimentos.<\/p>\n\n\n\n<p>O ve\u00edculo foi entregue aos familiares do condutor.<\/p>\n","protected":false},"excerpt":{"rendered":"<p>Um homem ficou ferido ap\u00f3s colidir com uma barreira na Ponte do Arco, na Avenida Manoel Ribas em Uni\u00e3o da Vit\u00f3ria por volta das 03:43 horas desta segunda-feira (10). A equipe da Pol\u00edcia Militar estava em patrulhamento pela Avenida Manoel Ribas quando avistou um ve\u00edculo VW\/ Saveiro branco transitando na contram\u00e3o da via.&nbsp;Ao perceber a [&hellip;]<\/p>\n","protected":false},"author":2,"featured_media":23354,"comment_status":"open","ping_status":"open","sticky":false,"template":"","format":"standard","meta":{"footnotes":""},"categories":[2],"tags":[172],"class_list":["post-23350","post","type-post","status-publish","format-standard","has-post-thumbnail","hentry","category-policial","tag-featured"],"amp_enabled":true,"_links":{"self":[{"href":"https:\/\/radiostudiow.com.br\/site\/wp-json\/wp\/v2\/posts\/23350","targetHints":{"allow":["GET"]}}],"collection":[{"href":"https:\/\/radiostudiow.com.br\/site\/wp-json\/wp\/v2\/posts"}],"about":[{"href":"https:\/\/radiostudiow.com.br\/site\/wp-json\/wp\/v2\/types\/post"}],"author":[{"embeddable":true,"href":"https:\/\/radiostudiow.com.br\/site\/wp-json\/wp\/v2\/users\/2"}],"replies":[{"embeddable":true,"href":"https:\/\/radiostudiow.com.br\/site\/wp-json\/wp\/v2\/comments?post=23350"}],"version-history":[{"count":2,"href":"https:\/\/radiostudiow.com.br\/site\/wp-json\/wp\/v2\/posts\/23350\/revisions"}],"predecessor-version":[{"id":23355,"href":"https:\/\/radiostudiow.com.br\/site\/wp-json\/wp\/v2\/posts\/23350\/revisions\/23355"}],"wp:featuredmedia":[{"embeddable":true,"href":"https:\/\/radiostudiow.com.br\/site\/wp-json\/wp\/v2\/media\/23354"}],"wp:attachment":[{"href":"https:\/\/radiostudiow.com.br\/site\/wp-json\/wp\/v2\/media?parent=23350"}],"wp:term":[{"taxonomy":"category","embeddable":true,"href":"https:\/\/radiostudiow.com.br\/site\/wp-json\/wp\/v2\/categories?post=23350"},{"taxonomy":"post_tag","embeddable":true,"href":"https:\/\/radiostudiow.com.br\/site\/wp-json\/wp\/v2\/tags?post=23350"}],"curies":[{"name":"wp","href":"https:\/\/api.w.org\/{rel}","templated":true}]}}