{"id":23360,"date":"2024-06-11T10:19:51","date_gmt":"2024-06-11T13:19:51","guid":{"rendered":"https:\/\/radiostudiow.com.br\/site\/?p=23360"},"modified":"2025-01-31T14:59:16","modified_gmt":"2025-01-31T17:59:16","slug":"em-irati-mulher-e-presa-apos-manter-em-carcere-privado-sob-graves-maus-tratos-filha-portadora-de-necessidades-especiais","status":"publish","type":"post","link":"https:\/\/radiostudiow.com.br\/site\/2024\/06\/11\/em-irati-mulher-e-presa-apos-manter-em-carcere-privado-sob-graves-maus-tratos-filha-portadora-de-necessidades-especiais\/","title":{"rendered":"Em Irati: Mulher \u00e9 presa ap\u00f3s manter em c\u00e1rcere privado, sob graves maus-tratos, filha portadora de necessidades especiais"},"content":{"rendered":"\n<p>No dia 02 deste m\u00eas, na regi\u00e3o da Vila Nova, nesta cidade de Ponta Grossa, uma mo\u00e7a de anos, portadora de necessidades especiais, foi vista perambulando nua pela rua, fato que gerou denuncias por parte de moradores. Na ocasi\u00e3o, Autoridades foram acionadas sendo levantado que essa mo\u00e7a na realidade, havia escapado de uma resid\u00eancia pr\u00f3xima.<\/p>\n\n\n\n<figure class=\"wp-block-image size-full\"><img loading=\"lazy\" decoding=\"async\" width=\"897\" height=\"204\" src=\"https:\/\/radiostudiow.com.br\/site\/wp-content\/uploads\/2024\/04\/image-37.png\" alt=\"\" class=\"wp-image-21305\" srcset=\"https:\/\/radiostudiow.com.br\/site\/wp-content\/uploads\/2024\/04\/image-37.png 897w, https:\/\/radiostudiow.com.br\/site\/wp-content\/uploads\/2024\/04\/image-37-300x68.png 300w, https:\/\/radiostudiow.com.br\/site\/wp-content\/uploads\/2024\/04\/image-37-768x175.png 768w\" sizes=\"auto, (max-width: 897px) 100vw, 897px\" \/><\/figure>\n\n\n\n<p>Na casa, verificou-se o estado extremo de abandono em que essa mo\u00e7a vivia, em um ambiente insalubre, e tamb\u00e9m, que apresentava vis\u00edvel estado severo de desnutri\u00e7\u00e3o. A jovem, j\u00e1 no interior da casa, chegou a pegar fezes que estavam no ch\u00e3o para comer, isso, diante das pessoas que ali se encontravam no momento da abordagem. A v\u00edtima foi imediatamente encaminhada pelo Samu para atendimento m\u00e9dico e permanece internada.<\/p>\n\n\n\n<p>O boletim de ocorr\u00eancia sobre esses fatos foi encaminhado para a Delegacia da Mulher, onde uma investiga\u00e7\u00e3o minuciosa foi realizada pela equipe, sendo levantado que a m\u00e3e dessa jovem, uma mulher de 50 anos, por vezes manteria a filha amarrada e sem nenhuma alimenta\u00e7\u00e3o. Uma denuncia an\u00f4nima informou que a mo\u00e7a ficava acorrentada e que era agredida fisicamente.<\/p>\n\n\n\n<figure class=\"wp-block-image size-full\"><img decoding=\"async\" src=\"https:\/\/radiostudiow.com.br\/site\/wp-content\/uploads\/2024\/04\/image-45.png\" alt=\"\" class=\"wp-image-21394\"\/><\/figure>\n\n\n\n<p>A m\u00e3e construiu um muro alto na frente da resid\u00eancia, provavelmente para que ningu\u00e9m visse o que se passava no local. O estado cr\u00edtico de sa\u00fade apresentado pela jovem, visivelmente subnutrida, chocou at\u00e9 policiais mais experientes da delegacia e, certamente se essa v\u00edtima n\u00e3o tivesse sido socorrida, n\u00e3o resistiria por muito tempo.<\/p>\n\n\n\n<p>Diante da gravidade do crime praticado e das provas trazidas aos autos, a Autoridade Policial da Delegacia da Mulher representou pela pris\u00e3o preventiva dessa m\u00e3e, sendo a ordem prisional rapidamente deferida pela justi\u00e7a.<\/p>\n\n\n\n<p>A investigada j\u00e1 est\u00e1 presa, permanecendo a disposi\u00e7\u00e3o da justi\u00e7a, sendo enquadrada no crime de c\u00e1rcere privado, agravado pelo fato da v\u00edtima ser familiar, tamb\u00e9m pelo tempo do crime e ainda, pelo grave sofrimento f\u00edsico causado \u00e0 v\u00edtima em raz\u00e3o dos maus tratos praticados.<\/p>\n\n\n\n<figure class=\"wp-block-image size-full\"><img loading=\"lazy\" decoding=\"async\" width=\"598\" height=\"204\" src=\"https:\/\/radiostudiow.com.br\/site\/wp-content\/uploads\/2024\/04\/image-29.png\" alt=\"\" class=\"wp-image-21283\" srcset=\"https:\/\/radiostudiow.com.br\/site\/wp-content\/uploads\/2024\/04\/image-29.png 598w, https:\/\/radiostudiow.com.br\/site\/wp-content\/uploads\/2024\/04\/image-29-300x102.png 300w\" sizes=\"auto, (max-width: 598px) 100vw, 598px\" \/><\/figure>\n\n\n\n<figure class=\"wp-block-video\"><video controls src=\"https:\/\/radiostudiow.com.br\/site\/wp-content\/uploads\/2024\/06\/ed908026-whatsapp-video-2024-06-10-at-13.22.51-1.mp4\"><\/video><\/figure>\n","protected":false},"excerpt":{"rendered":"<p>No dia 02 deste m\u00eas, na regi\u00e3o da Vila Nova, nesta cidade de Ponta Grossa, uma mo\u00e7a de anos, portadora de necessidades especiais, foi vista perambulando nua pela rua, fato que gerou denuncias por parte de moradores. Na ocasi\u00e3o, Autoridades foram acionadas sendo levantado que essa mo\u00e7a na realidade, havia escapado de uma resid\u00eancia pr\u00f3xima. [&hellip;]<\/p>\n","protected":false},"author":2,"featured_media":23362,"comment_status":"open","ping_status":"open","sticky":false,"template":"","format":"standard","meta":{"footnotes":""},"categories":[2],"tags":[172],"class_list":["post-23360","post","type-post","status-publish","format-standard","has-post-thumbnail","hentry","category-policial","tag-featured"],"amp_enabled":true,"_links":{"self":[{"href":"https:\/\/radiostudiow.com.br\/site\/wp-json\/wp\/v2\/posts\/23360","targetHints":{"allow":["GET"]}}],"collection":[{"href":"https:\/\/radiostudiow.com.br\/site\/wp-json\/wp\/v2\/posts"}],"about":[{"href":"https:\/\/radiostudiow.com.br\/site\/wp-json\/wp\/v2\/types\/post"}],"author":[{"embeddable":true,"href":"https:\/\/radiostudiow.com.br\/site\/wp-json\/wp\/v2\/users\/2"}],"replies":[{"embeddable":true,"href":"https:\/\/radiostudiow.com.br\/site\/wp-json\/wp\/v2\/comments?post=23360"}],"version-history":[{"count":2,"href":"https:\/\/radiostudiow.com.br\/site\/wp-json\/wp\/v2\/posts\/23360\/revisions"}],"predecessor-version":[{"id":23390,"href":"https:\/\/radiostudiow.com.br\/site\/wp-json\/wp\/v2\/posts\/23360\/revisions\/23390"}],"wp:featuredmedia":[{"embeddable":true,"href":"https:\/\/radiostudiow.com.br\/site\/wp-json\/wp\/v2\/media\/23362"}],"wp:attachment":[{"href":"https:\/\/radiostudiow.com.br\/site\/wp-json\/wp\/v2\/media?parent=23360"}],"wp:term":[{"taxonomy":"category","embeddable":true,"href":"https:\/\/radiostudiow.com.br\/site\/wp-json\/wp\/v2\/categories?post=23360"},{"taxonomy":"post_tag","embeddable":true,"href":"https:\/\/radiostudiow.com.br\/site\/wp-json\/wp\/v2\/tags?post=23360"}],"curies":[{"name":"wp","href":"https:\/\/api.w.org\/{rel}","templated":true}]}}