{"id":23370,"date":"2024-06-10T21:15:34","date_gmt":"2024-06-11T00:15:34","guid":{"rendered":"https:\/\/radiostudiow.com.br\/site\/?p=23370"},"modified":"2025-01-31T14:59:16","modified_gmt":"2025-01-31T17:59:16","slug":"motorista-e-encontrado-desacordado-em-empresa-de-mallet-e-vem-a-obito","status":"publish","type":"post","link":"https:\/\/radiostudiow.com.br\/site\/2024\/06\/10\/motorista-e-encontrado-desacordado-em-empresa-de-mallet-e-vem-a-obito\/","title":{"rendered":"Motorista \u00e9 Encontrado Desacordado em Empresa de Mallet e Vem a \u00d3bito"},"content":{"rendered":"\n<p>Na manh\u00e3 desta segunda-feira 10 de junho, os Bombeiros Comunit\u00e1rios de Mallet foram acionados para atender a uma ocorr\u00eancia envolvendo um motorista desacordado dentro de um caminh\u00e3o estacionado nas depend\u00eancias de uma empresa local.<\/p>\n\n\n\n<p>O solicitante, ao perceber que o motorista n\u00e3o apresentava sinais vitais, imediatamente buscou ajuda.<\/p>\n\n\n\n<figure class=\"wp-block-image size-full\"><img decoding=\"async\" src=\"https:\/\/radiostudiow.com.br\/site\/wp-content\/uploads\/2024\/04\/image-47.png\" alt=\"\" class=\"wp-image-21404\"\/><\/figure>\n\n\n\n<p>As equipes do Corpo de Bombeiros Militar e Comunit\u00e1rio chegaram rapidamente ao local e constataram a gravidade da situa\u00e7\u00e3o.<\/p>\n\n\n\n<p>Foram realizadas manobras de Reanima\u00e7\u00e3o Cardiopulmonar (RCP), mas, infelizmente, n\u00e3o houve \u00eaxito. O motorista, identificado como <strong>Celso Hruba, de 47 anos, conhecido carinhosamente como &#8220;Costela&#8221;<\/strong>, j\u00e1 se encontrava em \u00f3bito.<\/p>\n\n\n\n<p>Ap\u00f3s as tentativas de reanima\u00e7\u00e3o, a situa\u00e7\u00e3o foi comunicada \u00e0 Pol\u00edcia Militar e \u00e0 Pol\u00edcia Civil da 10\u00aa DRP de Mallet, que se dirigiram ao local para realizar os procedimentos de praxe e investigar as circunst\u00e2ncias do falecimento.<\/p>\n\n\n\n<figure class=\"wp-block-image size-full\"><img loading=\"lazy\" decoding=\"async\" width=\"897\" height=\"204\" src=\"https:\/\/radiostudiow.com.br\/site\/wp-content\/uploads\/2024\/04\/image-50.png\" alt=\"\" class=\"wp-image-21368\" srcset=\"https:\/\/radiostudiow.com.br\/site\/wp-content\/uploads\/2024\/04\/image-50.png 897w, https:\/\/radiostudiow.com.br\/site\/wp-content\/uploads\/2024\/04\/image-50-300x68.png 300w, https:\/\/radiostudiow.com.br\/site\/wp-content\/uploads\/2024\/04\/image-50-768x175.png 768w\" sizes=\"auto, (max-width: 897px) 100vw, 897px\" \/><\/figure>\n\n\n\n<blockquote class=\"wp-block-quote is-layout-flow wp-block-quote-is-layout-flow\">\n<p>A Funer\u00e1ria S\u00e3o Jo\u00e3o informou que o corpo de Celso Hruba est\u00e1 sendo velado na Capela Mortu\u00e1ria Municipal. O sepultamento ocorrer\u00e1 na ter\u00e7a-feira, 11 de junho, \u00e0s 9h, com uma celebra\u00e7\u00e3o na capela, seguida pelo enterro no Cemit\u00e9rio Jardim da Saudade.<\/p>\n<\/blockquote>\n\n\n\n<p><em>A Studio W lamenta profundamente a perda de Celso Hruba, expressando solidariedade e condol\u00eancias \u00e0 fam\u00edlia e amigos neste momento de dor.<\/em><\/p>\n","protected":false},"excerpt":{"rendered":"<p>Na manh\u00e3 desta segunda-feira 10 de junho, os Bombeiros Comunit\u00e1rios de Mallet foram acionados para atender a uma ocorr\u00eancia envolvendo um motorista desacordado dentro de um caminh\u00e3o estacionado nas depend\u00eancias de uma empresa local. O solicitante, ao perceber que o motorista n\u00e3o apresentava sinais vitais, imediatamente buscou ajuda. As equipes do Corpo de Bombeiros Militar [&hellip;]<\/p>\n","protected":false},"author":2,"featured_media":23371,"comment_status":"open","ping_status":"open","sticky":false,"template":"","format":"standard","meta":{"footnotes":""},"categories":[184],"tags":[172],"class_list":["post-23370","post","type-post","status-publish","format-standard","has-post-thumbnail","hentry","category-local","tag-featured"],"amp_enabled":true,"_links":{"self":[{"href":"https:\/\/radiostudiow.com.br\/site\/wp-json\/wp\/v2\/posts\/23370","targetHints":{"allow":["GET"]}}],"collection":[{"href":"https:\/\/radiostudiow.com.br\/site\/wp-json\/wp\/v2\/posts"}],"about":[{"href":"https:\/\/radiostudiow.com.br\/site\/wp-json\/wp\/v2\/types\/post"}],"author":[{"embeddable":true,"href":"https:\/\/radiostudiow.com.br\/site\/wp-json\/wp\/v2\/users\/2"}],"replies":[{"embeddable":true,"href":"https:\/\/radiostudiow.com.br\/site\/wp-json\/wp\/v2\/comments?post=23370"}],"version-history":[{"count":2,"href":"https:\/\/radiostudiow.com.br\/site\/wp-json\/wp\/v2\/posts\/23370\/revisions"}],"predecessor-version":[{"id":23373,"href":"https:\/\/radiostudiow.com.br\/site\/wp-json\/wp\/v2\/posts\/23370\/revisions\/23373"}],"wp:featuredmedia":[{"embeddable":true,"href":"https:\/\/radiostudiow.com.br\/site\/wp-json\/wp\/v2\/media\/23371"}],"wp:attachment":[{"href":"https:\/\/radiostudiow.com.br\/site\/wp-json\/wp\/v2\/media?parent=23370"}],"wp:term":[{"taxonomy":"category","embeddable":true,"href":"https:\/\/radiostudiow.com.br\/site\/wp-json\/wp\/v2\/categories?post=23370"},{"taxonomy":"post_tag","embeddable":true,"href":"https:\/\/radiostudiow.com.br\/site\/wp-json\/wp\/v2\/tags?post=23370"}],"curies":[{"name":"wp","href":"https:\/\/api.w.org\/{rel}","templated":true}]}}