{"id":23376,"date":"2024-06-11T09:55:04","date_gmt":"2024-06-11T12:55:04","guid":{"rendered":"https:\/\/radiostudiow.com.br\/site\/?p=23376"},"modified":"2025-01-31T14:59:16","modified_gmt":"2025-01-31T17:59:16","slug":"condutor-foi-preso-por-embriaguez-ao-volante-em-uniao-da-vitoria","status":"publish","type":"post","link":"https:\/\/radiostudiow.com.br\/site\/2024\/06\/11\/condutor-foi-preso-por-embriaguez-ao-volante-em-uniao-da-vitoria\/","title":{"rendered":"Condutor foi preso por embriaguez ao volante em Uni\u00e3o da Vit\u00f3ria"},"content":{"rendered":"\n<figure class=\"wp-block-image size-full is-resized\"><img decoding=\"async\" src=\"https:\/\/radiostudiow.com.br\/site\/wp-content\/uploads\/2024\/04\/image-58.png\" alt=\"\" class=\"wp-image-21416\" style=\"width:740px;height:auto\"\/><\/figure>\n\n\n\n<p>Uma equipe policial, durante patrulhamento pela Avenida Bento Munhoz da Rocha Neto em Uni\u00e3o da Vit\u00f3ria quando foi abordada por um transeunte que relatou ter sido atingido por um ve\u00edculo Nissan\/Sentra branco que realizava uma manobra perigosa do tipo \u201ccavalo de pau\u201d na rotat\u00f3ria no final da avenida por volta das 00:20 horas dessa ter\u00e7a-feira (11).<\/p>\n\n\n\n<p>Ap\u00f3s a den\u00fancia, os policiais visualizaram o ve\u00edculo em alta velocidade no sentido contr\u00e1rio e iniciaram a persegui\u00e7\u00e3o. Pouco depois, se depararam com um acidente envolvendo o mesmo carro, que, ap\u00f3s saltar sobre uma lombada, colidiu com um muro.<\/p>\n\n\n\n<figure class=\"wp-block-image size-full\"><img loading=\"lazy\" decoding=\"async\" width=\"300\" height=\"180\" src=\"https:\/\/radiostudiow.com.br\/site\/wp-content\/uploads\/2024\/04\/image-26.png\" alt=\"\" class=\"wp-image-21279\"\/><\/figure>\n\n\n\n<p>A equipe policial solicitou imediatamente apoio do Corpo de Bombeiros.<\/p>\n\n\n\n<p>O condutor do ve\u00edculo, que apresentava sinais de embriaguez, foi preso e encaminhado para a delegacia. Os outros dois passageiros sofreram ferimentos e foram transportados para unidades hospitalares. O ve\u00edculo foi recolhido ao p\u00e1tio devido a d\u00e9bitos.<\/p>\n","protected":false},"excerpt":{"rendered":"<p>Uma equipe policial, durante patrulhamento pela Avenida Bento Munhoz da Rocha Neto em Uni\u00e3o da Vit\u00f3ria quando foi abordada por um transeunte que relatou ter sido atingido por um ve\u00edculo Nissan\/Sentra branco que realizava uma manobra perigosa do tipo \u201ccavalo de pau\u201d na rotat\u00f3ria no final da avenida por volta das 00:20 horas dessa ter\u00e7a-feira [&hellip;]<\/p>\n","protected":false},"author":2,"featured_media":23377,"comment_status":"open","ping_status":"open","sticky":false,"template":"","format":"standard","meta":{"footnotes":""},"categories":[2],"tags":[172],"class_list":["post-23376","post","type-post","status-publish","format-standard","has-post-thumbnail","hentry","category-policial","tag-featured"],"amp_enabled":true,"_links":{"self":[{"href":"https:\/\/radiostudiow.com.br\/site\/wp-json\/wp\/v2\/posts\/23376","targetHints":{"allow":["GET"]}}],"collection":[{"href":"https:\/\/radiostudiow.com.br\/site\/wp-json\/wp\/v2\/posts"}],"about":[{"href":"https:\/\/radiostudiow.com.br\/site\/wp-json\/wp\/v2\/types\/post"}],"author":[{"embeddable":true,"href":"https:\/\/radiostudiow.com.br\/site\/wp-json\/wp\/v2\/users\/2"}],"replies":[{"embeddable":true,"href":"https:\/\/radiostudiow.com.br\/site\/wp-json\/wp\/v2\/comments?post=23376"}],"version-history":[{"count":1,"href":"https:\/\/radiostudiow.com.br\/site\/wp-json\/wp\/v2\/posts\/23376\/revisions"}],"predecessor-version":[{"id":23378,"href":"https:\/\/radiostudiow.com.br\/site\/wp-json\/wp\/v2\/posts\/23376\/revisions\/23378"}],"wp:featuredmedia":[{"embeddable":true,"href":"https:\/\/radiostudiow.com.br\/site\/wp-json\/wp\/v2\/media\/23377"}],"wp:attachment":[{"href":"https:\/\/radiostudiow.com.br\/site\/wp-json\/wp\/v2\/media?parent=23376"}],"wp:term":[{"taxonomy":"category","embeddable":true,"href":"https:\/\/radiostudiow.com.br\/site\/wp-json\/wp\/v2\/categories?post=23376"},{"taxonomy":"post_tag","embeddable":true,"href":"https:\/\/radiostudiow.com.br\/site\/wp-json\/wp\/v2\/tags?post=23376"}],"curies":[{"name":"wp","href":"https:\/\/api.w.org\/{rel}","templated":true}]}}