{"id":23379,"date":"2024-06-11T11:21:38","date_gmt":"2024-06-11T14:21:38","guid":{"rendered":"https:\/\/radiostudiow.com.br\/site\/?p=23379"},"modified":"2025-01-31T14:59:16","modified_gmt":"2025-01-31T17:59:16","slug":"homem-morre-apos-cair-de-telhado-na-area-industrial-de-porto-uniao","status":"publish","type":"post","link":"https:\/\/radiostudiow.com.br\/site\/2024\/06\/11\/homem-morre-apos-cair-de-telhado-na-area-industrial-de-porto-uniao\/","title":{"rendered":"Homem morre ap\u00f3s cair de telhado na \u00e1rea industrial de Porto Uni\u00e3o"},"content":{"rendered":"\n<p>O homem de 50 anos que morreu nesta segunda-feira, 10, ap\u00f3s sofrer um acidente de trabalho no distrito industrial de Porto Uni\u00e3o foi identificado como Roberto Scotti.<\/p>\n\n\n\n<figure class=\"wp-block-image size-full\"><img decoding=\"async\" src=\"https:\/\/radiostudiow.com.br\/site\/wp-content\/uploads\/2024\/04\/image-55.png\" alt=\"\" class=\"wp-image-21389\"\/><\/figure>\n\n\n\n<p>Ele caiu de uma altura de sete metros. Quando a equipe dos bombeiros de Porto Uni\u00e3o chegaram no local, encontraram a v\u00edtima no ch\u00e3o sem apresentar respostas verbais.<\/p>\n\n\n\n<p>Roberto era casado, tem dois filhos, inclusive o mais novo nasceu no \u00faltimo dia 5 de junho.<\/p>\n\n\n\n<p>Um homem de 50 anos veio a \u00f3bito na manh\u00e3 de hoje ap\u00f3s cair do telhado de uma cobertura de aproximadamente 07 metros de altura na rua Walfrido Soares dos Santos, no distrito industrial de Porto Uni\u00e3o.<\/p>\n\n\n\n<p>A informa\u00e7\u00e3o foi confirmada pelo Corpo de Bombeiros de Porto Uni\u00e3o, que atendeu a ocorr\u00eancia.\u00a0 Segundo informa\u00e7\u00f5es dos Bombeiros, ao chegar ao local do acidente, os profissionais encontraram a v\u00edtima deitada no ch\u00e3o, inconsciente e sem apresentar respostas verbais.<\/p>\n\n\n\n<figure class=\"wp-block-image size-full\"><img loading=\"lazy\" decoding=\"async\" width=\"590\" height=\"204\" src=\"https:\/\/radiostudiow.com.br\/site\/wp-content\/uploads\/2024\/04\/image-27.png\" alt=\"\" class=\"wp-image-21280\" srcset=\"https:\/\/radiostudiow.com.br\/site\/wp-content\/uploads\/2024\/04\/image-27.png 590w, https:\/\/radiostudiow.com.br\/site\/wp-content\/uploads\/2024\/04\/image-27-300x104.png 300w\" sizes=\"auto, (max-width: 590px) 100vw, 590px\" \/><\/figure>\n\n\n\n<p>Em avalia\u00e7\u00e3o dos Bombeiros, a v\u00edtima n\u00e3o apresentou sinais vitais. Al\u00e9m disso, possu\u00eda hematomas na regi\u00e3o do cr\u00e2nio. Tamb\u00e9m foi constatada parada card\u00edaca.<\/p>\n\n\n\n<p>O homem foi imobilizado em maca r\u00edgida, e passou pelos procedimentos de reanima\u00e7\u00e3o cardiovascular. A v\u00edtima foi levada at\u00e9 o Hospital S\u00e3o Braz para atendimento m\u00e9dico, onde constatou-se o \u00f3bito.<\/p>\n","protected":false},"excerpt":{"rendered":"<p>O homem de 50 anos que morreu nesta segunda-feira, 10, ap\u00f3s sofrer um acidente de trabalho no distrito industrial de Porto Uni\u00e3o foi identificado como Roberto Scotti. Ele caiu de uma altura de sete metros. Quando a equipe dos bombeiros de Porto Uni\u00e3o chegaram no local, encontraram a v\u00edtima no ch\u00e3o sem apresentar respostas verbais. [&hellip;]<\/p>\n","protected":false},"author":2,"featured_media":23380,"comment_status":"open","ping_status":"open","sticky":false,"template":"","format":"standard","meta":{"footnotes":""},"categories":[185],"tags":[172],"class_list":["post-23379","post","type-post","status-publish","format-standard","has-post-thumbnail","hentry","category-regional","tag-featured"],"amp_enabled":true,"_links":{"self":[{"href":"https:\/\/radiostudiow.com.br\/site\/wp-json\/wp\/v2\/posts\/23379","targetHints":{"allow":["GET"]}}],"collection":[{"href":"https:\/\/radiostudiow.com.br\/site\/wp-json\/wp\/v2\/posts"}],"about":[{"href":"https:\/\/radiostudiow.com.br\/site\/wp-json\/wp\/v2\/types\/post"}],"author":[{"embeddable":true,"href":"https:\/\/radiostudiow.com.br\/site\/wp-json\/wp\/v2\/users\/2"}],"replies":[{"embeddable":true,"href":"https:\/\/radiostudiow.com.br\/site\/wp-json\/wp\/v2\/comments?post=23379"}],"version-history":[{"count":2,"href":"https:\/\/radiostudiow.com.br\/site\/wp-json\/wp\/v2\/posts\/23379\/revisions"}],"predecessor-version":[{"id":23402,"href":"https:\/\/radiostudiow.com.br\/site\/wp-json\/wp\/v2\/posts\/23379\/revisions\/23402"}],"wp:featuredmedia":[{"embeddable":true,"href":"https:\/\/radiostudiow.com.br\/site\/wp-json\/wp\/v2\/media\/23380"}],"wp:attachment":[{"href":"https:\/\/radiostudiow.com.br\/site\/wp-json\/wp\/v2\/media?parent=23379"}],"wp:term":[{"taxonomy":"category","embeddable":true,"href":"https:\/\/radiostudiow.com.br\/site\/wp-json\/wp\/v2\/categories?post=23379"},{"taxonomy":"post_tag","embeddable":true,"href":"https:\/\/radiostudiow.com.br\/site\/wp-json\/wp\/v2\/tags?post=23379"}],"curies":[{"name":"wp","href":"https:\/\/api.w.org\/{rel}","templated":true}]}}