{"id":23383,"date":"2024-06-11T10:10:32","date_gmt":"2024-06-11T13:10:32","guid":{"rendered":"https:\/\/radiostudiow.com.br\/site\/?p=23383"},"modified":"2025-01-31T14:59:16","modified_gmt":"2025-01-31T17:59:16","slug":"policia-militar-de-paulo-frontin-registra-caso-de-ameaca","status":"publish","type":"post","link":"https:\/\/radiostudiow.com.br\/site\/2024\/06\/11\/policia-militar-de-paulo-frontin-registra-caso-de-ameaca\/","title":{"rendered":"Pol\u00edcia Militar de Paulo Frontin registra caso de amea\u00e7a"},"content":{"rendered":"\n<p>A equipe da Pol\u00edcia Militar de Paulo Frontin registrou um caso de amea\u00e7a na \u00e1rea rural da cidade por volta das 20 horas desse s\u00e1bado (08).<\/p>\n\n\n\n<figure class=\"wp-block-image size-full\"><img loading=\"lazy\" decoding=\"async\" width=\"897\" height=\"204\" src=\"https:\/\/radiostudiow.com.br\/site\/wp-content\/uploads\/2024\/04\/image-51.png\" alt=\"\" class=\"wp-image-21370\" srcset=\"https:\/\/radiostudiow.com.br\/site\/wp-content\/uploads\/2024\/04\/image-51.png 897w, https:\/\/radiostudiow.com.br\/site\/wp-content\/uploads\/2024\/04\/image-51-300x68.png 300w, https:\/\/radiostudiow.com.br\/site\/wp-content\/uploads\/2024\/04\/image-51-768x175.png 768w\" sizes=\"auto, (max-width: 897px) 100vw, 897px\" \/><\/figure>\n\n\n\n<p>No local os policiais em contato com o solicitante, o qual relatou que seu cunhado teria se alterado indo at\u00e9 sua resid\u00eancia tiveram uma discuss\u00e3o e lhe desferiu amea\u00e7as, tamb\u00e9m pegou uma marreta vindo a danificar um ve\u00edculo.<\/p>\n\n\n\n<p>Momento que a equipe policial esteve no local, todas as partes foram orientadas quanto as medidas cab\u00edeis.<\/p>\n","protected":false},"excerpt":{"rendered":"<p>A equipe da Pol\u00edcia Militar de Paulo Frontin registrou um caso de amea\u00e7a na \u00e1rea rural da cidade por volta das 20 horas desse s\u00e1bado (08). No local os policiais em contato com o solicitante, o qual relatou que seu cunhado teria se alterado indo at\u00e9 sua resid\u00eancia tiveram uma discuss\u00e3o e lhe desferiu amea\u00e7as, [&hellip;]<\/p>\n","protected":false},"author":2,"featured_media":15416,"comment_status":"open","ping_status":"open","sticky":false,"template":"","format":"standard","meta":{"footnotes":""},"categories":[2],"tags":[172],"class_list":["post-23383","post","type-post","status-publish","format-standard","has-post-thumbnail","hentry","category-policial","tag-featured"],"amp_enabled":true,"_links":{"self":[{"href":"https:\/\/radiostudiow.com.br\/site\/wp-json\/wp\/v2\/posts\/23383","targetHints":{"allow":["GET"]}}],"collection":[{"href":"https:\/\/radiostudiow.com.br\/site\/wp-json\/wp\/v2\/posts"}],"about":[{"href":"https:\/\/radiostudiow.com.br\/site\/wp-json\/wp\/v2\/types\/post"}],"author":[{"embeddable":true,"href":"https:\/\/radiostudiow.com.br\/site\/wp-json\/wp\/v2\/users\/2"}],"replies":[{"embeddable":true,"href":"https:\/\/radiostudiow.com.br\/site\/wp-json\/wp\/v2\/comments?post=23383"}],"version-history":[{"count":1,"href":"https:\/\/radiostudiow.com.br\/site\/wp-json\/wp\/v2\/posts\/23383\/revisions"}],"predecessor-version":[{"id":23384,"href":"https:\/\/radiostudiow.com.br\/site\/wp-json\/wp\/v2\/posts\/23383\/revisions\/23384"}],"wp:featuredmedia":[{"embeddable":true,"href":"https:\/\/radiostudiow.com.br\/site\/wp-json\/wp\/v2\/media\/15416"}],"wp:attachment":[{"href":"https:\/\/radiostudiow.com.br\/site\/wp-json\/wp\/v2\/media?parent=23383"}],"wp:term":[{"taxonomy":"category","embeddable":true,"href":"https:\/\/radiostudiow.com.br\/site\/wp-json\/wp\/v2\/categories?post=23383"},{"taxonomy":"post_tag","embeddable":true,"href":"https:\/\/radiostudiow.com.br\/site\/wp-json\/wp\/v2\/tags?post=23383"}],"curies":[{"name":"wp","href":"https:\/\/api.w.org\/{rel}","templated":true}]}}