{"id":23385,"date":"2024-06-11T10:14:53","date_gmt":"2024-06-11T13:14:53","guid":{"rendered":"https:\/\/radiostudiow.com.br\/site\/?p=23385"},"modified":"2025-01-31T14:59:16","modified_gmt":"2025-01-31T17:59:16","slug":"policia-militar-de-mallet-realiza-apreensao-de-veiculo-em-situacao-irregular","status":"publish","type":"post","link":"https:\/\/radiostudiow.com.br\/site\/2024\/06\/11\/policia-militar-de-mallet-realiza-apreensao-de-veiculo-em-situacao-irregular\/","title":{"rendered":"Pol\u00edcia Militar de Mallet Realiza Apreens\u00e3o de Ve\u00edculo em Situa\u00e7\u00e3o Irregular"},"content":{"rendered":"\n<p>Na noite deste s\u00e1bado 08 de junho, por volta das 21h30, a Pol\u00edcia Militar de Mallet, durante um patrulhamento de rotina na \u00e1rea central da cidade, avistou um ve\u00edculo transitando na contram\u00e3o.<\/p>\n\n\n\n<p>Diante da infra\u00e7\u00e3o, os policiais iniciaram um acompanhamento do ve\u00edculo suspeito, culminando na abordagem do mesmo.<\/p>\n\n\n\n<figure class=\"wp-block-image size-full\"><img decoding=\"async\" src=\"https:\/\/radiostudiow.com.br\/site\/wp-content\/uploads\/2024\/04\/SITE-MEDIO.png\" alt=\"\" class=\"wp-image-21854\"\/><\/figure>\n\n\n\n<p>Durante a verifica\u00e7\u00e3o dos documentos do condutor e do ve\u00edculo, constatou-se que o autom\u00f3vel estava com o licenciamento vencido.<\/p>\n\n\n\n<p>Al\u00e9m da infra\u00e7\u00e3o inicial de transitar na contram\u00e3o, foram lavradas as respectivas multas referentes \u00e0s irregularidades encontradas.<\/p>\n\n\n\n<p>De acordo com as normas de tr\u00e2nsito vigentes, o ve\u00edculo foi recolhido ao p\u00e1tio da pol\u00edcia devido \u00e0 falta de licenciamento atualizado.<\/p>\n\n\n\n<figure class=\"wp-block-image size-full\"><img loading=\"lazy\" decoding=\"async\" width=\"897\" height=\"204\" src=\"https:\/\/radiostudiow.com.br\/site\/wp-content\/uploads\/2024\/04\/image-38.png\" alt=\"\" class=\"wp-image-21308\" srcset=\"https:\/\/radiostudiow.com.br\/site\/wp-content\/uploads\/2024\/04\/image-38.png 897w, https:\/\/radiostudiow.com.br\/site\/wp-content\/uploads\/2024\/04\/image-38-300x68.png 300w, https:\/\/radiostudiow.com.br\/site\/wp-content\/uploads\/2024\/04\/image-38-768x175.png 768w\" sizes=\"auto, (max-width: 897px) 100vw, 897px\" \/><\/figure>\n\n\n\n<p>A a\u00e7\u00e3o da Pol\u00edcia Militar de Mallet refor\u00e7a o compromisso com a seguran\u00e7a e a ordem no tr\u00e2nsito, evidenciando a import\u00e2ncia de manter os documentos dos ve\u00edculos em dia e seguir as normas de circula\u00e7\u00e3o para garantir a seguran\u00e7a de todos.<\/p>\n","protected":false},"excerpt":{"rendered":"<p>Na noite deste s\u00e1bado 08 de junho, por volta das 21h30, a Pol\u00edcia Militar de Mallet, durante um patrulhamento de rotina na \u00e1rea central da cidade, avistou um ve\u00edculo transitando na contram\u00e3o. Diante da infra\u00e7\u00e3o, os policiais iniciaram um acompanhamento do ve\u00edculo suspeito, culminando na abordagem do mesmo. Durante a verifica\u00e7\u00e3o dos documentos do condutor [&hellip;]<\/p>\n","protected":false},"author":2,"featured_media":22615,"comment_status":"open","ping_status":"open","sticky":false,"template":"","format":"standard","meta":{"footnotes":""},"categories":[2],"tags":[172],"class_list":["post-23385","post","type-post","status-publish","format-standard","has-post-thumbnail","hentry","category-policial","tag-featured"],"amp_enabled":true,"_links":{"self":[{"href":"https:\/\/radiostudiow.com.br\/site\/wp-json\/wp\/v2\/posts\/23385","targetHints":{"allow":["GET"]}}],"collection":[{"href":"https:\/\/radiostudiow.com.br\/site\/wp-json\/wp\/v2\/posts"}],"about":[{"href":"https:\/\/radiostudiow.com.br\/site\/wp-json\/wp\/v2\/types\/post"}],"author":[{"embeddable":true,"href":"https:\/\/radiostudiow.com.br\/site\/wp-json\/wp\/v2\/users\/2"}],"replies":[{"embeddable":true,"href":"https:\/\/radiostudiow.com.br\/site\/wp-json\/wp\/v2\/comments?post=23385"}],"version-history":[{"count":1,"href":"https:\/\/radiostudiow.com.br\/site\/wp-json\/wp\/v2\/posts\/23385\/revisions"}],"predecessor-version":[{"id":23387,"href":"https:\/\/radiostudiow.com.br\/site\/wp-json\/wp\/v2\/posts\/23385\/revisions\/23387"}],"wp:featuredmedia":[{"embeddable":true,"href":"https:\/\/radiostudiow.com.br\/site\/wp-json\/wp\/v2\/media\/22615"}],"wp:attachment":[{"href":"https:\/\/radiostudiow.com.br\/site\/wp-json\/wp\/v2\/media?parent=23385"}],"wp:term":[{"taxonomy":"category","embeddable":true,"href":"https:\/\/radiostudiow.com.br\/site\/wp-json\/wp\/v2\/categories?post=23385"},{"taxonomy":"post_tag","embeddable":true,"href":"https:\/\/radiostudiow.com.br\/site\/wp-json\/wp\/v2\/tags?post=23385"}],"curies":[{"name":"wp","href":"https:\/\/api.w.org\/{rel}","templated":true}]}}